{"id":3276,"date":"2015-07-25T14:56:20","date_gmt":"2015-07-25T14:56:20","guid":{"rendered":"http:\/\/www.adavaveiro.org\/?p=3276"},"modified":"2015-09-12T14:04:44","modified_gmt":"2015-09-12T14:04:44","slug":"comunicado-de-imprensa","status":"publish","type":"post","link":"https:\/\/www.adavaveiro.org\/?p=3276","title":{"rendered":"comunicado de imprensa"},"content":{"rendered":"<p class=\"ecxMsoNormal\"><b>SOBRE A APROVA\u00c7\u00c3O HOJE NA ASSEMBLEIA DA REP\u00daBLICA DA \u201cLEI DE APOIO \u00c0 MATERNIDADE E PATERNIDADE \u2013 DO DIREITO A NASCER\u201d<\/b><u><\/u><u><\/u><\/p>\n<p class=\"ecxMsoNormal\">Foram hoje aprovadas na Assembleia da Rep\u00fablica oito medidas propostas pela ILC &#8220;Pelo Direito a Nascer&#8221; como conte\u00fado da lei acima referida.<u><\/u><u><\/u><\/p>\n<p class=\"ecxMsoNormal\">Este resultado \u00e9 fruto do empenho dos 48 115 eleitores que subscreveram esta Iniciativa, assim como dos deputados que, com seriedade, trabalharam nas propostas que o povo levou ao Parlamento.<u><\/u><u><\/u><\/p>\n<p class=\"ecxMsoNormal\">A Comiss\u00e3o Representativa de Subscritores da ILC &#8220;Pelo Direito a Nascer&#8221; est\u00e1 convicta que este \u00e9 o primeiro passo em direc\u00e7\u00e3o a uma sociedade mais justa e solid\u00e1ria, onde a nenhuma mulher seja negado o direito \u00e0 maternidade.<u><\/u><u><\/u><\/p>\n<p class=\"ecxMsoNormal\">A consagra\u00e7\u00e3o da maternidade como um direito e uma situa\u00e7\u00e3o que n\u00e3o pode ser raz\u00e3o de descrimina\u00e7\u00e3o, a consulta social, o acompanhamento psicol\u00f3gico, a maior informa\u00e7\u00e3o p\u00fablica sobre os apoios \u00e0 maternidade, juntamente com as outras normas hoje aprovadas, s\u00e3o passos concretos num novo caminho que hoje come\u00e7amos a percorrer.<u><\/u><u><\/u><\/p>\n<p class=\"ecxMsoNormal\">Agradecemos a todos os subscritores da ILC &#8220;Pelo Direito a Nascer&#8221; e felicitamos todos os que aceitaram este desafio do Povo e ajudaram a que o processo legislativo tenha chegado a esta conclus\u00e3o. Dito isto devemos tamb\u00e9m acrescentar que nos impressionou hoje a viol\u00eancia do debate no parlamento por parte dos deputados que se opunham \u00e0s medidas que propusemos bem como a berraria nas galerias de quem os apoiava. Sinal de que ainda temos todos muito a crescer no di\u00e1logo civil, mais abertos a ouvir quem se nos op\u00f5em e dispostos a fazer um caminho comum, pressupondo sempre a respectiva boa-f\u00e9, n\u00e3o perdendo de vista que tamb\u00e9m na pol\u00edtica, o outro \u00e9 sempre um bem.<u><\/u><u><\/u><\/p>\n<p class=\"ecxMsoNormal\">Continuaremos, com determina\u00e7\u00e3o e esperan\u00e7a, a percorrer este caminho. Esperamos contar com todos aqueles que desejam um Portugal onde se defenda a Maternidade e a Paternidade bem como o Direito a Nascer. Estaremos atentos no decorrer da campanha eleitoral \u00e0s propostas que nestas mat\u00e9rias os partidos entendam fazer e seremos exigentes na pr\u00f3xima legislatura quanto ao cumprimento daquilo com que se comprometerem. <u><\/u><u><\/u><\/p>\n<p class=\"ecxMsoNormal\">Lisboa, 22 de Julho de 2015<\/p>\n<p class=\"ecxMsoNormal\"><a href=\"http:\/\/www.pelodireitoanascer.org\" target=\"_blank\">www.pelodireitoanascer.org<\/a><\/p>\n","protected":false},"excerpt":{"rendered":"<p>SOBRE A APROVA\u00c7\u00c3O HOJE NA ASSEMBLEIA DA REP\u00daBLICA DA \u201cLEI DE APOIO \u00c0 MATERNIDADE E PATERNIDADE \u2013 DO DIREITO A NASCER\u201d Foram hoje aprovadas na Assembleia da Rep\u00fablica oito medidas propostas pela ILC &#8220;Pelo Direito a Nascer&#8221; como conte\u00fado da &hellip; <a href=\"https:\/\/www.adavaveiro.org\/?p=3276\">Continuar a ler <span class=\"meta-nav\">&rarr;<\/span><\/a><\/p>\n","protected":false},"author":1,"featured_media":0,"comment_status":"closed","ping_status":"closed","sticky":false,"template":"","format":"standard","meta":{"footnotes":""},"categories":[20],"tags":[],"class_list":["post-3276","post","type-post","status-publish","format-standard","hentry","category-informacao"],"_links":{"self":[{"href":"https:\/\/www.adavaveiro.org\/index.php?rest_route=\/wp\/v2\/posts\/3276","targetHints":{"allow":["GET"]}}],"collection":[{"href":"https:\/\/www.adavaveiro.org\/index.php?rest_route=\/wp\/v2\/posts"}],"about":[{"href":"https:\/\/www.adavaveiro.org\/index.php?rest_route=\/wp\/v2\/types\/post"}],"author":[{"embeddable":true,"href":"https:\/\/www.adavaveiro.org\/index.php?rest_route=\/wp\/v2\/users\/1"}],"replies":[{"embeddable":true,"href":"https:\/\/www.adavaveiro.org\/index.php?rest_route=%2Fwp%2Fv2%2Fcomments&post=3276"}],"version-history":[{"count":1,"href":"https:\/\/www.adavaveiro.org\/index.php?rest_route=\/wp\/v2\/posts\/3276\/revisions"}],"predecessor-version":[{"id":3277,"href":"https:\/\/www.adavaveiro.org\/index.php?rest_route=\/wp\/v2\/posts\/3276\/revisions\/3277"}],"wp:attachment":[{"href":"https:\/\/www.adavaveiro.org\/index.php?rest_route=%2Fwp%2Fv2%2Fmedia&parent=3276"}],"wp:term":[{"taxonomy":"category","embeddable":true,"href":"https:\/\/www.adavaveiro.org\/index.php?rest_route=%2Fwp%2Fv2%2Fcategories&post=3276"},{"taxonomy":"post_tag","embeddable":true,"href":"https:\/\/www.adavaveiro.org\/index.php?rest_route=%2Fwp%2Fv2%2Ftags&post=3276"}],"curies":[{"name":"wp","href":"https:\/\/api.w.org\/{rel}","templated":true}]}}