{"id":3279,"date":"2015-09-12T14:03:58","date_gmt":"2015-09-12T14:03:58","guid":{"rendered":"http:\/\/www.adavaveiro.org\/?p=3279"},"modified":"2015-09-17T19:52:05","modified_gmt":"2015-09-17T19:52:05","slug":"15-anos-adav-aveiro-2","status":"publish","type":"post","link":"https:\/\/www.adavaveiro.org\/?p=3279","title":{"rendered":"15 anos ADAV Aveiro"},"content":{"rendered":"<p><span style=\"color: #000000;\">As comemora\u00e7\u00f5es dos 15 anos da ADAV Aveiro decorreram no dia 4 de julho, no Museu de Aveiro, onde foi lan\u00e7ado o livro de contos <strong><em>A vida conta, branco no preto.<\/em><\/strong><\/span><\/p>\n<p><span style=\"color: #000000;\">J\u00e1 figura no TOP 10 dos mais vendidos na Livraria Santa Joana, em Aveiro. <img loading=\"lazy\" decoding=\"async\" class=\"aligncenter size-thumbnail wp-image-3280\" src=\"http:\/\/www.adavaveiro.org\/wp-content\/uploads\/2015\/09\/livro-190x260.jpg\" alt=\"livro\" width=\"190\" height=\"260\" srcset=\"https:\/\/www.adavaveiro.org\/wp-content\/uploads\/2015\/09\/livro-190x260.jpg 190w, https:\/\/www.adavaveiro.org\/wp-content\/uploads\/2015\/09\/livro-219x300.jpg 219w, https:\/\/www.adavaveiro.org\/wp-content\/uploads\/2015\/09\/livro.jpg 661w\" sizes=\"auto, (max-width: 190px) 100vw, 190px\" \/><\/span><\/p>\n<p><span style=\"color: #000000;\">Para solicitar este pequeno livro de 10 contos com ilustra\u00e7\u00f5es muito bonitas, envie um email para adavaveiro@hotmail.com\u00a0<\/span><\/p>\n<p>&nbsp;<\/p>\n","protected":false},"excerpt":{"rendered":"<p>As comemora\u00e7\u00f5es dos 15 anos da ADAV Aveiro decorreram no dia 4 de julho, no Museu de Aveiro, onde foi lan\u00e7ado o livro de contos A vida conta, branco no preto. J\u00e1 figura no TOP 10 dos mais vendidos na &hellip; <a href=\"https:\/\/www.adavaveiro.org\/?p=3279\">Continuar a ler <span class=\"meta-nav\">&rarr;<\/span><\/a><\/p>\n","protected":false},"author":1,"featured_media":0,"comment_status":"closed","ping_status":"closed","sticky":false,"template":"","format":"standard","meta":{"footnotes":""},"categories":[13,8],"tags":[],"class_list":["post-3279","post","type-post","status-publish","format-standard","hentry","category-colaborar","category-comemoracao"],"_links":{"self":[{"href":"https:\/\/www.adavaveiro.org\/index.php?rest_route=\/wp\/v2\/posts\/3279","targetHints":{"allow":["GET"]}}],"collection":[{"href":"https:\/\/www.adavaveiro.org\/index.php?rest_route=\/wp\/v2\/posts"}],"about":[{"href":"https:\/\/www.adavaveiro.org\/index.php?rest_route=\/wp\/v2\/types\/post"}],"author":[{"embeddable":true,"href":"https:\/\/www.adavaveiro.org\/index.php?rest_route=\/wp\/v2\/users\/1"}],"replies":[{"embeddable":true,"href":"https:\/\/www.adavaveiro.org\/index.php?rest_route=%2Fwp%2Fv2%2Fcomments&post=3279"}],"version-history":[{"count":4,"href":"https:\/\/www.adavaveiro.org\/index.php?rest_route=\/wp\/v2\/posts\/3279\/revisions"}],"predecessor-version":[{"id":3284,"href":"https:\/\/www.adavaveiro.org\/index.php?rest_route=\/wp\/v2\/posts\/3279\/revisions\/3284"}],"wp:attachment":[{"href":"https:\/\/www.adavaveiro.org\/index.php?rest_route=%2Fwp%2Fv2%2Fmedia&parent=3279"}],"wp:term":[{"taxonomy":"category","embeddable":true,"href":"https:\/\/www.adavaveiro.org\/index.php?rest_route=%2Fwp%2Fv2%2Fcategories&post=3279"},{"taxonomy":"post_tag","embeddable":true,"href":"https:\/\/www.adavaveiro.org\/index.php?rest_route=%2Fwp%2Fv2%2Ftags&post=3279"}],"curies":[{"name":"wp","href":"https:\/\/api.w.org\/{rel}","templated":true}]}}