{"id":3285,"date":"2015-09-18T13:41:34","date_gmt":"2015-09-18T13:41:34","guid":{"rendered":"http:\/\/www.adavaveiro.org\/?p=3285"},"modified":"2016-02-10T09:44:53","modified_gmt":"2016-02-10T09:44:53","slug":"plataforma-para-o-apoio-aos-refugiados","status":"publish","type":"post","link":"https:\/\/www.adavaveiro.org\/?p=3285","title":{"rendered":"Plataforma para o Apoio aos Refugiados"},"content":{"rendered":"<p>Vimos convid\u00e1-lo a marcar presen\u00e7a na Sess\u00e3o de Apresenta\u00e7\u00e3o da PAR que ter\u00e1 lugar em Aveiro, na sexta-feira, dia 18 de Setembro, pelas 21h30, na Universidade de Aveiro &#8211; Audit\u00f3rio 23.1.5 &#8211; Complexo Pedag\u00f3gico.<u><\/u><u><\/u><\/p>\n<p>A <b>Plataforma para o Apoio aos Refugiad<\/b><strong>os<\/strong> (<a href=\"http:\/\/www.refugiados.pt\" target=\"_blank\">http:\/\/www.refugiados.pt<\/a>), \u00e9 uma plataforma de organiza\u00e7\u00f5es da Sociedade Civil Portuguesa, que visa dar resposta \u00e0 maior crise de refugiados desde a II guerra Mundial e que junta mais de 70 institui\u00e7\u00f5es, incluindo todos os grandes meios de comunica\u00e7\u00e3o social.<img loading=\"lazy\" decoding=\"async\" class=\"aligncenter size-thumbnail wp-image-3286\" src=\"http:\/\/www.adavaveiro.org\/wp-content\/uploads\/2015\/09\/FB_PAR_Aveiro-260x252.jpg\" alt=\"FB_PAR_Aveiro\" width=\"260\" height=\"252\" srcset=\"https:\/\/www.adavaveiro.org\/wp-content\/uploads\/2015\/09\/FB_PAR_Aveiro-260x252.jpg 260w, https:\/\/www.adavaveiro.org\/wp-content\/uploads\/2015\/09\/FB_PAR_Aveiro-300x291.jpg 300w, https:\/\/www.adavaveiro.org\/wp-content\/uploads\/2015\/09\/FB_PAR_Aveiro.jpg 812w\" sizes=\"auto, (max-width: 260px) 100vw, 260px\" \/><\/p>\n<p>Agradecemos que registe a sua inscri\u00e7\u00e3o atrav\u00e9s do link: <a href=\"https:\/\/docs.google.com\/forms\/d\/1lxuRDrcCJK8iycf0wG9wzCnEvNuAKT90v1hIhod9w5E\/viewform\" target=\"_blank\"> https:\/\/docs.google.com\/forms\/<wbr \/>d\/<wbr \/>1lxuRDrcCJK8iycf0wG9wzCnEvNuAK<wbr \/>T90v1hIhod9w5E\/viewform<\/a>&#8220;<\/p>\n","protected":false},"excerpt":{"rendered":"<p>Vimos convid\u00e1-lo a marcar presen\u00e7a na Sess\u00e3o de Apresenta\u00e7\u00e3o da PAR que ter\u00e1 lugar em Aveiro, na sexta-feira, dia 18 de Setembro, pelas 21h30, na Universidade de Aveiro &#8211; Audit\u00f3rio 23.1.5 &#8211; Complexo Pedag\u00f3gico. A Plataforma para o Apoio aos &hellip; <a href=\"https:\/\/www.adavaveiro.org\/?p=3285\">Continuar a ler <span class=\"meta-nav\">&rarr;<\/span><\/a><\/p>\n","protected":false},"author":1,"featured_media":0,"comment_status":"open","ping_status":"open","sticky":false,"template":"","format":"standard","meta":{"footnotes":""},"categories":[13],"tags":[],"class_list":["post-3285","post","type-post","status-publish","format-standard","hentry","category-colaborar"],"_links":{"self":[{"href":"https:\/\/www.adavaveiro.org\/index.php?rest_route=\/wp\/v2\/posts\/3285","targetHints":{"allow":["GET"]}}],"collection":[{"href":"https:\/\/www.adavaveiro.org\/index.php?rest_route=\/wp\/v2\/posts"}],"about":[{"href":"https:\/\/www.adavaveiro.org\/index.php?rest_route=\/wp\/v2\/types\/post"}],"author":[{"embeddable":true,"href":"https:\/\/www.adavaveiro.org\/index.php?rest_route=\/wp\/v2\/users\/1"}],"replies":[{"embeddable":true,"href":"https:\/\/www.adavaveiro.org\/index.php?rest_route=%2Fwp%2Fv2%2Fcomments&post=3285"}],"version-history":[{"count":3,"href":"https:\/\/www.adavaveiro.org\/index.php?rest_route=\/wp\/v2\/posts\/3285\/revisions"}],"predecessor-version":[{"id":3289,"href":"https:\/\/www.adavaveiro.org\/index.php?rest_route=\/wp\/v2\/posts\/3285\/revisions\/3289"}],"wp:attachment":[{"href":"https:\/\/www.adavaveiro.org\/index.php?rest_route=%2Fwp%2Fv2%2Fmedia&parent=3285"}],"wp:term":[{"taxonomy":"category","embeddable":true,"href":"https:\/\/www.adavaveiro.org\/index.php?rest_route=%2Fwp%2Fv2%2Fcategories&post=3285"},{"taxonomy":"post_tag","embeddable":true,"href":"https:\/\/www.adavaveiro.org\/index.php?rest_route=%2Fwp%2Fv2%2Ftags&post=3285"}],"curies":[{"name":"wp","href":"https:\/\/api.w.org\/{rel}","templated":true}]}}