{"id":3291,"date":"2015-10-11T09:58:24","date_gmt":"2015-10-11T09:58:24","guid":{"rendered":"http:\/\/www.adavaveiro.org\/?p=3291"},"modified":"2015-12-28T18:15:10","modified_gmt":"2015-12-28T18:15:10","slug":"lancamento-de-livro","status":"publish","type":"post","link":"https:\/\/www.adavaveiro.org\/?p=3291","title":{"rendered":"lan\u00e7amento de livro"},"content":{"rendered":"<p><img loading=\"lazy\" decoding=\"async\" class=\"aligncenter size-thumbnail wp-image-3293\" src=\"http:\/\/www.adavaveiro.org\/wp-content\/uploads\/2015\/10\/convite_Um-anjo-na-cidade_EB-260x194.gif\" alt=\"convite_Um anjo na cidade_EB\" width=\"260\" height=\"194\" srcset=\"https:\/\/www.adavaveiro.org\/wp-content\/uploads\/2015\/10\/convite_Um-anjo-na-cidade_EB-260x194.gif 260w, https:\/\/www.adavaveiro.org\/wp-content\/uploads\/2015\/10\/convite_Um-anjo-na-cidade_EB-300x224.gif 300w\" sizes=\"auto, (max-width: 260px) 100vw, 260px\" \/><\/p>\n<p><strong><span style=\"color: #003300;\">Apare\u00e7a no Museu de Aveiro, no dia 17\/10, \u00e0s 16h <\/span><\/strong><\/p>\n<p><strong><span style=\"color: #003300;\">Lan\u00e7amento do livro Um anjo na cidade de Eug\u00e9nio Beir\u00e3o<\/span><\/strong><\/p>\n<p><strong><span style=\"color: #003300;\">As vendas revertem em favor da ADAV<\/span><\/strong><\/p>\n<p><strong><span style=\"color: #003300;\">Bem-haja ao autor<\/span><\/strong><\/p>\n","protected":false},"excerpt":{"rendered":"<p>Apare\u00e7a no Museu de Aveiro, no dia 17\/10, \u00e0s 16h Lan\u00e7amento do livro Um anjo na cidade de Eug\u00e9nio Beir\u00e3o As vendas revertem em favor da ADAV Bem-haja ao autor<\/p>\n","protected":false},"author":1,"featured_media":0,"comment_status":"closed","ping_status":"closed","sticky":false,"template":"","format":"standard","meta":{"footnotes":""},"categories":[13],"tags":[],"class_list":["post-3291","post","type-post","status-publish","format-standard","hentry","category-colaborar"],"_links":{"self":[{"href":"https:\/\/www.adavaveiro.org\/index.php?rest_route=\/wp\/v2\/posts\/3291","targetHints":{"allow":["GET"]}}],"collection":[{"href":"https:\/\/www.adavaveiro.org\/index.php?rest_route=\/wp\/v2\/posts"}],"about":[{"href":"https:\/\/www.adavaveiro.org\/index.php?rest_route=\/wp\/v2\/types\/post"}],"author":[{"embeddable":true,"href":"https:\/\/www.adavaveiro.org\/index.php?rest_route=\/wp\/v2\/users\/1"}],"replies":[{"embeddable":true,"href":"https:\/\/www.adavaveiro.org\/index.php?rest_route=%2Fwp%2Fv2%2Fcomments&post=3291"}],"version-history":[{"count":1,"href":"https:\/\/www.adavaveiro.org\/index.php?rest_route=\/wp\/v2\/posts\/3291\/revisions"}],"predecessor-version":[{"id":3294,"href":"https:\/\/www.adavaveiro.org\/index.php?rest_route=\/wp\/v2\/posts\/3291\/revisions\/3294"}],"wp:attachment":[{"href":"https:\/\/www.adavaveiro.org\/index.php?rest_route=%2Fwp%2Fv2%2Fmedia&parent=3291"}],"wp:term":[{"taxonomy":"category","embeddable":true,"href":"https:\/\/www.adavaveiro.org\/index.php?rest_route=%2Fwp%2Fv2%2Fcategories&post=3291"},{"taxonomy":"post_tag","embeddable":true,"href":"https:\/\/www.adavaveiro.org\/index.php?rest_route=%2Fwp%2Fv2%2Ftags&post=3291"}],"curies":[{"name":"wp","href":"https:\/\/api.w.org\/{rel}","templated":true}]}}