{"id":3297,"date":"2015-11-20T17:15:37","date_gmt":"2015-11-20T17:15:37","guid":{"rendered":"http:\/\/www.adavaveiro.org\/?p=3297"},"modified":"2016-10-29T15:52:49","modified_gmt":"2016-10-29T15:52:49","slug":"3297","status":"publish","type":"post","link":"https:\/\/www.adavaveiro.org\/?p=3297","title":{"rendered":"COMUNICADO"},"content":{"rendered":"<p><span style=\"color: #000000;\">COMUNICADO <\/span><\/p>\n<p><span style=\"color: #000000;\">A ADAV-Aveiro expressa a sua oposi\u00e7\u00e3o \u00e0s altera\u00e7\u00f5es \u00e0 lei do aborto, aprovadas pela Assembleia da Rep\u00fablica, hoje, dia 20 de novembro, sublinhando que o ato de legislar compromete o legislador. Cada aborto praticado em Portugal, ao abrigo das leis emanadas pelo legislador, compromete-o e faz dele o primeiro respons\u00e1vel pelos atos praticados a coberto destas. \u00c9 por isso que a ADAV-Aveiro reitera que a pr\u00e1tica do aborto deve ser combatida e n\u00e3o incentivada com a coniv\u00eancia, a prote\u00e7\u00e3o e a tutela do Estado. Ao legislar em seu favor, o Estado \u00e9 c\u00famplice dos atos praticados, ao mesmo tempo que se dispensa de proteger os mais vulner\u00e1veis e carentes de prote\u00e7\u00e3o: as mulheres que querem ser m\u00e3es e os filhos nas primeiras fases do seu desenvolvimento.<\/span><br \/>\n<span style=\"color: #000000;\"> Neste momento em que o Estado se afasta do dever de proteger os mais fr\u00e1geis, a ADAV-Aveiro, enquanto organiza\u00e7\u00e3o que emana da sociedade civil, reafirma a sua inamov\u00edvel a\u00e7\u00e3o em prol dos mais fr\u00e1geis e mais d\u00e9beis neste processo: as m\u00e3es em situa\u00e7\u00e3o de fragilidade e os seus respetivos filhos.<\/span><\/p>\n<p>A Dire\u00e7\u00e3o da ADAV-Aveiro<\/p>\n","protected":false},"excerpt":{"rendered":"<p>COMUNICADO A ADAV-Aveiro expressa a sua oposi\u00e7\u00e3o \u00e0s altera\u00e7\u00f5es \u00e0 lei do aborto, aprovadas pela Assembleia da Rep\u00fablica, hoje, dia 20 de novembro, sublinhando que o ato de legislar compromete o legislador. Cada aborto praticado em Portugal, ao abrigo das &hellip; <a href=\"https:\/\/www.adavaveiro.org\/?p=3297\">Continuar a ler <span class=\"meta-nav\">&rarr;<\/span><\/a><\/p>\n","protected":false},"author":1,"featured_media":0,"comment_status":"closed","ping_status":"closed","sticky":false,"template":"","format":"standard","meta":{"footnotes":""},"categories":[20,9],"tags":[],"class_list":["post-3297","post","type-post","status-publish","format-standard","hentry","category-informacao","category-refletir"],"_links":{"self":[{"href":"https:\/\/www.adavaveiro.org\/index.php?rest_route=\/wp\/v2\/posts\/3297","targetHints":{"allow":["GET"]}}],"collection":[{"href":"https:\/\/www.adavaveiro.org\/index.php?rest_route=\/wp\/v2\/posts"}],"about":[{"href":"https:\/\/www.adavaveiro.org\/index.php?rest_route=\/wp\/v2\/types\/post"}],"author":[{"embeddable":true,"href":"https:\/\/www.adavaveiro.org\/index.php?rest_route=\/wp\/v2\/users\/1"}],"replies":[{"embeddable":true,"href":"https:\/\/www.adavaveiro.org\/index.php?rest_route=%2Fwp%2Fv2%2Fcomments&post=3297"}],"version-history":[{"count":2,"href":"https:\/\/www.adavaveiro.org\/index.php?rest_route=\/wp\/v2\/posts\/3297\/revisions"}],"predecessor-version":[{"id":3310,"href":"https:\/\/www.adavaveiro.org\/index.php?rest_route=\/wp\/v2\/posts\/3297\/revisions\/3310"}],"wp:attachment":[{"href":"https:\/\/www.adavaveiro.org\/index.php?rest_route=%2Fwp%2Fv2%2Fmedia&parent=3297"}],"wp:term":[{"taxonomy":"category","embeddable":true,"href":"https:\/\/www.adavaveiro.org\/index.php?rest_route=%2Fwp%2Fv2%2Fcategories&post=3297"},{"taxonomy":"post_tag","embeddable":true,"href":"https:\/\/www.adavaveiro.org\/index.php?rest_route=%2Fwp%2Fv2%2Ftags&post=3297"}],"curies":[{"name":"wp","href":"https:\/\/api.w.org\/{rel}","templated":true}]}}