{"id":3301,"date":"2015-12-21T21:53:51","date_gmt":"2015-12-21T21:53:51","guid":{"rendered":"http:\/\/www.adavaveiro.org\/?p=3301"},"modified":"2016-02-10T09:44:09","modified_gmt":"2016-02-10T09:44:09","slug":"boas-festas-4","status":"publish","type":"post","link":"https:\/\/www.adavaveiro.org\/?p=3301","title":{"rendered":"Boas Festas"},"content":{"rendered":"<p><img loading=\"lazy\" decoding=\"async\" class=\"aligncenter size-thumbnail wp-image-3139\" src=\"http:\/\/www.adavaveiro.org\/wp-content\/uploads\/2013\/12\/Natal-260x173.jpg\" alt=\"Natal\" width=\"260\" height=\"173\" srcset=\"https:\/\/www.adavaveiro.org\/wp-content\/uploads\/2013\/12\/Natal-260x173.jpg 260w, https:\/\/www.adavaveiro.org\/wp-content\/uploads\/2013\/12\/Natal-300x199.jpg 300w, https:\/\/www.adavaveiro.org\/wp-content\/uploads\/2013\/12\/Natal.jpg 736w\" sizes=\"auto, (max-width: 260px) 100vw, 260px\" \/>Desejamos a todos um SANTO E FELIZ NATAL.<\/p>\n<p>Informamos que o livro A vida conta, branco no preto j\u00e1 se encontra \u00e0 venda em v\u00e1rias livrarias do pa\u00eds. Tamb\u00e9m pode ser solicitado via email para adavaveiro@hotmail.com<\/p>\n<p><a href=\"https:\/\/www.livrarialeitura.pt\/livro\/vida-conta-branco-no-preto-a-aavv\/\" target=\"_blank\">Livraria Leitura<\/a> \/ <a href=\"http:\/\/www.wook.pt\/ficha\/a-vida-conta-branco-no-preto\/a\/id\/17022600\" target=\"_blank\">Wook <\/a>\/ <a href=\"http:\/\/www.fnac.pt\/A-Vida-Conta-Branco-no-Preto-Varios\/a931543\" target=\"_blank\">Fnac<\/a><\/p>\n","protected":false},"excerpt":{"rendered":"<p>Desejamos a todos um SANTO E FELIZ NATAL. Informamos que o livro A vida conta, branco no preto j\u00e1 se encontra \u00e0 venda em v\u00e1rias livrarias do pa\u00eds. Tamb\u00e9m pode ser solicitado via email para adavaveiro@hotmail.com Livraria Leitura \/ Wook &hellip; <a href=\"https:\/\/www.adavaveiro.org\/?p=3301\">Continuar a ler <span class=\"meta-nav\">&rarr;<\/span><\/a><\/p>\n","protected":false},"author":1,"featured_media":0,"comment_status":"closed","ping_status":"open","sticky":false,"template":"","format":"standard","meta":{"footnotes":""},"categories":[8],"tags":[],"class_list":["post-3301","post","type-post","status-publish","format-standard","hentry","category-comemoracao"],"_links":{"self":[{"href":"https:\/\/www.adavaveiro.org\/index.php?rest_route=\/wp\/v2\/posts\/3301","targetHints":{"allow":["GET"]}}],"collection":[{"href":"https:\/\/www.adavaveiro.org\/index.php?rest_route=\/wp\/v2\/posts"}],"about":[{"href":"https:\/\/www.adavaveiro.org\/index.php?rest_route=\/wp\/v2\/types\/post"}],"author":[{"embeddable":true,"href":"https:\/\/www.adavaveiro.org\/index.php?rest_route=\/wp\/v2\/users\/1"}],"replies":[{"embeddable":true,"href":"https:\/\/www.adavaveiro.org\/index.php?rest_route=%2Fwp%2Fv2%2Fcomments&post=3301"}],"version-history":[{"count":2,"href":"https:\/\/www.adavaveiro.org\/index.php?rest_route=\/wp\/v2\/posts\/3301\/revisions"}],"predecessor-version":[{"id":3303,"href":"https:\/\/www.adavaveiro.org\/index.php?rest_route=\/wp\/v2\/posts\/3301\/revisions\/3303"}],"wp:attachment":[{"href":"https:\/\/www.adavaveiro.org\/index.php?rest_route=%2Fwp%2Fv2%2Fmedia&parent=3301"}],"wp:term":[{"taxonomy":"category","embeddable":true,"href":"https:\/\/www.adavaveiro.org\/index.php?rest_route=%2Fwp%2Fv2%2Fcategories&post=3301"},{"taxonomy":"post_tag","embeddable":true,"href":"https:\/\/www.adavaveiro.org\/index.php?rest_route=%2Fwp%2Fv2%2Ftags&post=3301"}],"curies":[{"name":"wp","href":"https:\/\/api.w.org\/{rel}","templated":true}]}}