{"id":3311,"date":"2016-02-10T09:30:31","date_gmt":"2016-02-10T09:30:31","guid":{"rendered":"http:\/\/www.adavaveiro.org\/?p=3311"},"modified":"2016-10-29T15:53:30","modified_gmt":"2016-10-29T15:53:30","slug":"apoio-aos-refugiados","status":"publish","type":"post","link":"https:\/\/www.adavaveiro.org\/?p=3311","title":{"rendered":"APOIO aos refugiados"},"content":{"rendered":"<p><img loading=\"lazy\" decoding=\"async\" class=\"aligncenter size-thumbnail wp-image-3312\" src=\"http:\/\/www.adavaveiro.org\/wp-content\/uploads\/2016\/02\/PAR-173x260.jpg\" alt=\"PAR\" width=\"173\" height=\"260\" srcset=\"https:\/\/www.adavaveiro.org\/wp-content\/uploads\/2016\/02\/PAR-173x260.jpg 173w, https:\/\/www.adavaveiro.org\/wp-content\/uploads\/2016\/02\/PAR-200x300.jpg 200w, https:\/\/www.adavaveiro.org\/wp-content\/uploads\/2016\/02\/PAR-768x1152.jpg 768w, https:\/\/www.adavaveiro.org\/wp-content\/uploads\/2016\/02\/PAR-683x1024.jpg 683w, https:\/\/www.adavaveiro.org\/wp-content\/uploads\/2016\/02\/PAR.jpg 800w\" sizes=\"auto, (max-width: 173px) 100vw, 173px\" \/><br \/>\nA ADAV Aveiro manifestou o seu apoio \u00e0 PAR. De momento, ainda n\u00e3o h\u00e1 refugiados em Aveiro. Todavia, \u00e9 poss\u00edvel ajudar quem vive em situa\u00e7\u00f5es muito prec\u00e1rias. Veja mais <a href=\"http:\/\/www.refugiados.pt\/como-ajudar\/#apoio\" target=\"_blank\">aqui<\/a>.<\/p>\n<p>&nbsp;<\/p>\n","protected":false},"excerpt":{"rendered":"<p>A ADAV Aveiro manifestou o seu apoio \u00e0 PAR. De momento, ainda n\u00e3o h\u00e1 refugiados em Aveiro. Todavia, \u00e9 poss\u00edvel ajudar quem vive em situa\u00e7\u00f5es muito prec\u00e1rias. Veja mais aqui. &nbsp;<\/p>\n","protected":false},"author":1,"featured_media":0,"comment_status":"closed","ping_status":"open","sticky":false,"template":"","format":"standard","meta":{"footnotes":""},"categories":[13],"tags":[],"class_list":["post-3311","post","type-post","status-publish","format-standard","hentry","category-colaborar"],"_links":{"self":[{"href":"https:\/\/www.adavaveiro.org\/index.php?rest_route=\/wp\/v2\/posts\/3311","targetHints":{"allow":["GET"]}}],"collection":[{"href":"https:\/\/www.adavaveiro.org\/index.php?rest_route=\/wp\/v2\/posts"}],"about":[{"href":"https:\/\/www.adavaveiro.org\/index.php?rest_route=\/wp\/v2\/types\/post"}],"author":[{"embeddable":true,"href":"https:\/\/www.adavaveiro.org\/index.php?rest_route=\/wp\/v2\/users\/1"}],"replies":[{"embeddable":true,"href":"https:\/\/www.adavaveiro.org\/index.php?rest_route=%2Fwp%2Fv2%2Fcomments&post=3311"}],"version-history":[{"count":2,"href":"https:\/\/www.adavaveiro.org\/index.php?rest_route=\/wp\/v2\/posts\/3311\/revisions"}],"predecessor-version":[{"id":3314,"href":"https:\/\/www.adavaveiro.org\/index.php?rest_route=\/wp\/v2\/posts\/3311\/revisions\/3314"}],"wp:attachment":[{"href":"https:\/\/www.adavaveiro.org\/index.php?rest_route=%2Fwp%2Fv2%2Fmedia&parent=3311"}],"wp:term":[{"taxonomy":"category","embeddable":true,"href":"https:\/\/www.adavaveiro.org\/index.php?rest_route=%2Fwp%2Fv2%2Fcategories&post=3311"},{"taxonomy":"post_tag","embeddable":true,"href":"https:\/\/www.adavaveiro.org\/index.php?rest_route=%2Fwp%2Fv2%2Ftags&post=3311"}],"curies":[{"name":"wp","href":"https:\/\/api.w.org\/{rel}","templated":true}]}}