{"id":3316,"date":"2016-02-14T10:03:06","date_gmt":"2016-02-14T10:03:06","guid":{"rendered":"http:\/\/www.adavaveiro.org\/?p=3316"},"modified":"2016-10-29T15:52:35","modified_gmt":"2016-10-29T15:52:35","slug":"comunicado-nao-a-eutanasia","status":"publish","type":"post","link":"https:\/\/www.adavaveiro.org\/?p=3316","title":{"rendered":"COMUNICADO &#8211; N\u00c3O \u00c0 EUTAN\u00c1SIA"},"content":{"rendered":"<p>COMUNICADO<\/p>\n<p>Legalizar a eutan\u00e1sia \u00e9 um erro. A eutan\u00e1sia \u00e9 uma morte indigna porque atenta contra a inviolabilidade da vida humana.<\/p>\n<p>1. Hoje, a boa pr\u00e1tica m\u00e9dica assegura que n\u00e3o h\u00e1 dores n\u00e3o trat\u00e1veis. Por isso, a discuss\u00e3o sobre a legaliza\u00e7\u00e3o da eutan\u00e1sia n\u00e3o se faz entre os que defendem que se morra em sofrimento e os que defendem a morte sem dor. Ningu\u00e9m \u00e9 a favor da dor e da morte com dor. A discuss\u00e3o \u00e9 entre os que defendem que a vida pode estar ao dispor de outros (os t<span class=\"text_exposed_show\">\u00e9cnicos de sa\u00fade a quem se daria o poder de executar a morte) e os que sustentam que a vida n\u00e3o est\u00e1 dispon\u00edvel e deve ser sempre alvo de todos os cuidados, particularmente quando se encontra em momento de maior fragilidade. <\/span><\/p>\n<div class=\"text_exposed_show\">\n<p>2. N\u00e3o \u00e9 verdadeiro fundamento afirmar que se trata de uma quest\u00e3o de liberdade. A liberdade s\u00f3 pode ser efetiva se proteger a dignidade da vida humana. Quando a liberdade desrespeita a dignidade humana torna-se arbitrariedade e faz dos mais fr\u00e1geis a sua primeira v\u00edtima. E \u00e9 importante, al\u00e9m disso, que se refira que a eutan\u00e1sia n\u00e3o \u00e9 um suic\u00eddio, um ato de algu\u00e9m sobre si mesmo, mas a a\u00e7\u00e3o de um terceiro sobre aquele que \u00e9 alvo da eutan\u00e1sia.<\/p>\n<p>3. A admitir-se a eutan\u00e1sia, todos os princ\u00edpios sobre os quais assenta a a\u00e7\u00e3o dos cuidadores de sa\u00fade devem ser revistos. Na verdade, o pressuposto da sua a\u00e7\u00e3o \u00e9 o de que devem cuidar da vida. \u00c9 nesse registo que, mesmo quando algu\u00e9m faz uma tentativa falhada de suic\u00eddio, ao chegar \u00e0s m\u00e3os dos t\u00e9cnicos de sa\u00fade, \u00e9-lhes devido tudo fazerem para que aquela vida seja salva. O que dever\u00e1 fazer-se, depois de legalizada a eutan\u00e1sia? Deixar morrer?<\/p>\n<p>4. Contra a eutan\u00e1sia, a atitude da sociedade deve ser a de olhar de outro modo para quem sofre, para quem se sente mais vulner\u00e1vel e n\u00e3o dar-lhe como resposta a morte. A eutan\u00e1sia \u00e9 um abandono. \u00c9 por isso que a ADAV Aveiro expressa a sua oposi\u00e7\u00e3o perante uma ideia que muitos pretendem apresentar como se se tratasse de uma resposta poss\u00edvel: matar, rejeitar, abandonar n\u00e3o s\u00e3o resposta. A sociedade deve organizar-se para ajudar a viver a morte, acompanhar, auxiliar e apoiar. \u00c9 essa a resposta. Nunca a morte!<\/p>\n<\/div>\n","protected":false},"excerpt":{"rendered":"<p>COMUNICADO Legalizar a eutan\u00e1sia \u00e9 um erro. A eutan\u00e1sia \u00e9 uma morte indigna porque atenta contra a inviolabilidade da vida humana. 1. Hoje, a boa pr\u00e1tica m\u00e9dica assegura que n\u00e3o h\u00e1 dores n\u00e3o trat\u00e1veis. Por isso, a discuss\u00e3o sobre a &hellip; <a href=\"https:\/\/www.adavaveiro.org\/?p=3316\">Continuar a ler <span class=\"meta-nav\">&rarr;<\/span><\/a><\/p>\n","protected":false},"author":1,"featured_media":0,"comment_status":"closed","ping_status":"open","sticky":false,"template":"","format":"standard","meta":{"footnotes":""},"categories":[20],"tags":[],"class_list":["post-3316","post","type-post","status-publish","format-standard","hentry","category-informacao"],"_links":{"self":[{"href":"https:\/\/www.adavaveiro.org\/index.php?rest_route=\/wp\/v2\/posts\/3316","targetHints":{"allow":["GET"]}}],"collection":[{"href":"https:\/\/www.adavaveiro.org\/index.php?rest_route=\/wp\/v2\/posts"}],"about":[{"href":"https:\/\/www.adavaveiro.org\/index.php?rest_route=\/wp\/v2\/types\/post"}],"author":[{"embeddable":true,"href":"https:\/\/www.adavaveiro.org\/index.php?rest_route=\/wp\/v2\/users\/1"}],"replies":[{"embeddable":true,"href":"https:\/\/www.adavaveiro.org\/index.php?rest_route=%2Fwp%2Fv2%2Fcomments&post=3316"}],"version-history":[{"count":1,"href":"https:\/\/www.adavaveiro.org\/index.php?rest_route=\/wp\/v2\/posts\/3316\/revisions"}],"predecessor-version":[{"id":3317,"href":"https:\/\/www.adavaveiro.org\/index.php?rest_route=\/wp\/v2\/posts\/3316\/revisions\/3317"}],"wp:attachment":[{"href":"https:\/\/www.adavaveiro.org\/index.php?rest_route=%2Fwp%2Fv2%2Fmedia&parent=3316"}],"wp:term":[{"taxonomy":"category","embeddable":true,"href":"https:\/\/www.adavaveiro.org\/index.php?rest_route=%2Fwp%2Fv2%2Fcategories&post=3316"},{"taxonomy":"post_tag","embeddable":true,"href":"https:\/\/www.adavaveiro.org\/index.php?rest_route=%2Fwp%2Fv2%2Ftags&post=3316"}],"curies":[{"name":"wp","href":"https:\/\/api.w.org\/{rel}","templated":true}]}}