{"id":3355,"date":"2017-06-19T16:31:26","date_gmt":"2017-06-19T16:31:26","guid":{"rendered":"http:\/\/www.adavaveiro.org\/?p=3355"},"modified":"2017-06-30T08:52:11","modified_gmt":"2017-06-30T08:52:11","slug":"tragedia-dos-incendios-nota-de-solidariedade-e-interpelacao","status":"publish","type":"post","link":"https:\/\/www.adavaveiro.org\/?p=3355","title":{"rendered":"Trag\u00e9dia dos inc\u00eandios &#8211; Nota de solidariedade e interpela\u00e7\u00e3o"},"content":{"rendered":"<p>Trag\u00e9dia dos inc\u00eandios<br \/>\nNota de solidariedade e interpela\u00e7\u00e3o<\/p>\n<p>A ADAV-Aveiro associa-se \u00e0 dor de todas e cada uma das v\u00edtimas do tr\u00e1gico inc\u00eandio de Pedr\u00f3g\u00e3o Grande, das suas fam\u00edlias e amigos. A dor deles \u00e9 a dor de todos n\u00f3s, porque na fragilidade de uns vivenciamos a nossa pr\u00f3pria fragilidade. Cada perda humana \u00e9 irrepar\u00e1vel.<br \/>\nEsta hora \u00e9, por isso, momento para expressar a solidariedade no sofrimento e nas respostas. A ADAV-Aveiro associa-se, institucionalmente, \u00e0s campanhas solid\u00e1rias em curso, e desafia os seus s\u00f3cios, amigos e benfeitores a participarem nelas, de modo a minorar o sofrimento dos que, de modo mais direto, sofreram os efeitos desta trag\u00e9dia.<br \/>\nA ADAV-Aveiro interpela, ainda, a que \u00e0s homenagens devidas e sentidas a estas v\u00edtimas se associe a a\u00e7\u00e3o eficaz que permita que tais situa\u00e7\u00f5es n\u00e3o se repitam no futuro. As vidas sumidas entre as chamas clamam por respostas corajosas e destemidas. Tudo fazermos para que a calamidade dos inc\u00eandios n\u00e3o seja uma fatalidade nacional ser\u00e1 uma justa homenagem a quem partiu deixando um clamor na alma de todos n\u00f3s. Porque cada vida humana que se perde n\u00e3o se pode recuperar.<\/p>\n<p>COMO AJUDAR EM TERMOS FINANCEIROS<\/p>\n<p>Conta C\u00e1ritas (Caixa Geral de Dep\u00f3sitos): 0001 200000 730<\/p>\n<p>IBAN PT50 0035 0001 00200000 730 54<\/p>\n<p>SWIFT CGDIPTPL<\/p>\n","protected":false},"excerpt":{"rendered":"<p>Trag\u00e9dia dos inc\u00eandios Nota de solidariedade e interpela\u00e7\u00e3o A ADAV-Aveiro associa-se \u00e0 dor de todas e cada uma das v\u00edtimas do tr\u00e1gico inc\u00eandio de Pedr\u00f3g\u00e3o Grande, das suas fam\u00edlias e amigos. A dor deles \u00e9 a dor de todos n\u00f3s, &hellip; <a href=\"https:\/\/www.adavaveiro.org\/?p=3355\">Continuar a ler <span class=\"meta-nav\">&rarr;<\/span><\/a><\/p>\n","protected":false},"author":1,"featured_media":0,"comment_status":"closed","ping_status":"closed","sticky":false,"template":"","format":"standard","meta":{"footnotes":""},"categories":[9],"tags":[],"class_list":["post-3355","post","type-post","status-publish","format-standard","hentry","category-refletir"],"_links":{"self":[{"href":"https:\/\/www.adavaveiro.org\/index.php?rest_route=\/wp\/v2\/posts\/3355","targetHints":{"allow":["GET"]}}],"collection":[{"href":"https:\/\/www.adavaveiro.org\/index.php?rest_route=\/wp\/v2\/posts"}],"about":[{"href":"https:\/\/www.adavaveiro.org\/index.php?rest_route=\/wp\/v2\/types\/post"}],"author":[{"embeddable":true,"href":"https:\/\/www.adavaveiro.org\/index.php?rest_route=\/wp\/v2\/users\/1"}],"replies":[{"embeddable":true,"href":"https:\/\/www.adavaveiro.org\/index.php?rest_route=%2Fwp%2Fv2%2Fcomments&post=3355"}],"version-history":[{"count":2,"href":"https:\/\/www.adavaveiro.org\/index.php?rest_route=\/wp\/v2\/posts\/3355\/revisions"}],"predecessor-version":[{"id":3357,"href":"https:\/\/www.adavaveiro.org\/index.php?rest_route=\/wp\/v2\/posts\/3355\/revisions\/3357"}],"wp:attachment":[{"href":"https:\/\/www.adavaveiro.org\/index.php?rest_route=%2Fwp%2Fv2%2Fmedia&parent=3355"}],"wp:term":[{"taxonomy":"category","embeddable":true,"href":"https:\/\/www.adavaveiro.org\/index.php?rest_route=%2Fwp%2Fv2%2Fcategories&post=3355"},{"taxonomy":"post_tag","embeddable":true,"href":"https:\/\/www.adavaveiro.org\/index.php?rest_route=%2Fwp%2Fv2%2Ftags&post=3355"}],"curies":[{"name":"wp","href":"https:\/\/api.w.org\/{rel}","templated":true}]}}