{"id":3359,"date":"2017-06-30T08:48:21","date_gmt":"2017-06-30T08:48:21","guid":{"rendered":"http:\/\/www.adavaveiro.org\/?p=3359"},"modified":"2017-09-16T10:20:02","modified_gmt":"2017-09-16T10:20:02","slug":"3359","status":"publish","type":"post","link":"https:\/\/www.adavaveiro.org\/?p=3359","title":{"rendered":"Decidir sobre o final da VIDA &#8211; Sess\u00e3o em Braga"},"content":{"rendered":"<p><img loading=\"lazy\" decoding=\"async\" class=\"aligncenter size-thumbnail wp-image-3360\" src=\"http:\/\/www.adavaveiro.org\/wp-content\/uploads\/2017\/06\/conferencia-260x146.jpeg\" alt=\"\" width=\"260\" height=\"146\" srcset=\"https:\/\/www.adavaveiro.org\/wp-content\/uploads\/2017\/06\/conferencia-260x146.jpeg 260w, https:\/\/www.adavaveiro.org\/wp-content\/uploads\/2017\/06\/conferencia-300x169.jpeg 300w, https:\/\/www.adavaveiro.org\/wp-content\/uploads\/2017\/06\/conferencia.jpeg 726w\" sizes=\"auto, (max-width: 260px) 100vw, 260px\" \/>O Conselho Nacional de \u00c9tica para as Ci\u00eancias da Vida convida a sociedade a estar presente na sess\u00e3o do Ciclo de Debates \u201cDecidir sobre o final da Vida\u201d \u2013 Sess\u00e3o com oradores de associa\u00e7\u00f5es de doentes e sociedades cient\u00edficas pedi\u00e1tricas, que decorrer\u00e1 no pr\u00f3ximo dia 4 de julho, das 17h00 \u00e0s 19h30, Audit\u00f3rio da Biblioteca Municipal de Vila Real de Tr\u00e1s os Montes<u><\/u><u><\/u><\/p>\n<p><strong>Organiza\u00e7\u00e3o e informa\u00e7\u00f5es:\u00a0Conselho Nacional de \u00c9tica para as Ci\u00eancias da Vida<\/strong><u><\/u><u><\/u><\/p>\n<p><strong>Inscri\u00e7\u00f5es em<\/strong><strong> <a href=\"mailto:geral@cnecv.pt\" target=\"_blank\" rel=\"noopener noreferrer\">geral@cnecv.pt<\/a><\/strong> OU <strong>Tel. <a href=\"tel:+351%2021%20391%200884\" target=\"_blank\" rel=\"noopener noreferrer\">+351 213 910 884<\/a><\/strong><\/p>\n","protected":false},"excerpt":{"rendered":"<p>O Conselho Nacional de \u00c9tica para as Ci\u00eancias da Vida convida a sociedade a estar presente na sess\u00e3o do Ciclo de Debates \u201cDecidir sobre o final da Vida\u201d \u2013 Sess\u00e3o com oradores de associa\u00e7\u00f5es de doentes e sociedades cient\u00edficas pedi\u00e1tricas, &hellip; <a href=\"https:\/\/www.adavaveiro.org\/?p=3359\">Continuar a ler <span class=\"meta-nav\">&rarr;<\/span><\/a><\/p>\n","protected":false},"author":1,"featured_media":0,"comment_status":"closed","ping_status":"closed","sticky":false,"template":"","format":"standard","meta":{"footnotes":""},"categories":[20],"tags":[],"class_list":["post-3359","post","type-post","status-publish","format-standard","hentry","category-informacao"],"_links":{"self":[{"href":"https:\/\/www.adavaveiro.org\/index.php?rest_route=\/wp\/v2\/posts\/3359","targetHints":{"allow":["GET"]}}],"collection":[{"href":"https:\/\/www.adavaveiro.org\/index.php?rest_route=\/wp\/v2\/posts"}],"about":[{"href":"https:\/\/www.adavaveiro.org\/index.php?rest_route=\/wp\/v2\/types\/post"}],"author":[{"embeddable":true,"href":"https:\/\/www.adavaveiro.org\/index.php?rest_route=\/wp\/v2\/users\/1"}],"replies":[{"embeddable":true,"href":"https:\/\/www.adavaveiro.org\/index.php?rest_route=%2Fwp%2Fv2%2Fcomments&post=3359"}],"version-history":[{"count":2,"href":"https:\/\/www.adavaveiro.org\/index.php?rest_route=\/wp\/v2\/posts\/3359\/revisions"}],"predecessor-version":[{"id":3362,"href":"https:\/\/www.adavaveiro.org\/index.php?rest_route=\/wp\/v2\/posts\/3359\/revisions\/3362"}],"wp:attachment":[{"href":"https:\/\/www.adavaveiro.org\/index.php?rest_route=%2Fwp%2Fv2%2Fmedia&parent=3359"}],"wp:term":[{"taxonomy":"category","embeddable":true,"href":"https:\/\/www.adavaveiro.org\/index.php?rest_route=%2Fwp%2Fv2%2Fcategories&post=3359"},{"taxonomy":"post_tag","embeddable":true,"href":"https:\/\/www.adavaveiro.org\/index.php?rest_route=%2Fwp%2Fv2%2Ftags&post=3359"}],"curies":[{"name":"wp","href":"https:\/\/api.w.org\/{rel}","templated":true}]}}