{"id":3369,"date":"2017-09-17T07:20:11","date_gmt":"2017-09-17T07:20:11","guid":{"rendered":"http:\/\/www.adavaveiro.org\/?p=3369"},"modified":"2017-11-18T10:46:05","modified_gmt":"2017-11-18T10:46:05","slug":"relatorios-da-direcao-geral-de-saude-sobre-o-aborto-em-portugal","status":"publish","type":"post","link":"https:\/\/www.adavaveiro.org\/?p=3369","title":{"rendered":"Relat\u00f3rios da Dire\u00e7\u00e3o Geral de Sa\u00fade sobre o Aborto em Portugal"},"content":{"rendered":"<p>Veja aqui os Relat\u00f3rios da DGS<\/p>\n<p><a href=\"https:\/\/www.google.pt\/url?sa=t&amp;rct=j&amp;q=&amp;esrc=s&amp;source=web&amp;cd=1&amp;cad=rja&amp;uact=8&amp;ved=0ahUKEwjvg5W_3KvWAhXC0RQKHX55De4QFgglMAA&amp;url=http%3A%2F%2Fwww.saudereprodutiva.dgs.pt%2Fficheiros-de-upload-diversos%2Frelatorio-das-complicacoes-de-ig-2013-2014-pdf.aspx&amp;usg=AFQjCNG7IAv2gWhvjCLncv5xcgJCZp4HeA\" target=\"_blank\" rel=\"noopener\">Relat\u00f3rio de an\u00e1lise da complica\u00e7\u00f5es relacionadas com a interrup\u00e7\u00e3o da gravidez 2013 &#8211; 2014 associadas ao aborto &#8211; 2013-2014<\/a><\/p>\n<p><a href=\"https:\/\/www.google.pt\/url?sa=t&amp;rct=j&amp;q=&amp;esrc=s&amp;source=web&amp;cd=1&amp;ved=0ahUKEwiGqLuV3KvWAhXBvRQKHaDTB2sQFgglMAA&amp;url=http%3A%2F%2Fwww.saudereprodutiva.dgs.pt%2Fpublicacoes%2Finterrupcao-da-gravidez%2Frelatorio-de-registos-de-interrupcao-da-gravidez-2014-pdf.aspx&amp;usg=AFQjCNHpV_3BS6ZeFwtxw-so1UkCm-FHJQ\" target=\"_blank\" rel=\"noopener\">RELAT\u00d3RIO DOS REGISTOS DAS INTERRUP\u00c7\u00d5ES DA GRAVIDEZ<\/a><br \/>\nDADOS DE 2014 &#8211; junho 2015<\/p>\n","protected":false},"excerpt":{"rendered":"<p>Veja aqui os Relat\u00f3rios da DGS Relat\u00f3rio de an\u00e1lise da complica\u00e7\u00f5es relacionadas com a interrup\u00e7\u00e3o da gravidez 2013 &#8211; 2014 associadas ao aborto &#8211; 2013-2014 RELAT\u00d3RIO DOS REGISTOS DAS INTERRUP\u00c7\u00d5ES DA GRAVIDEZ DADOS DE 2014 &#8211; junho 2015<\/p>\n","protected":false},"author":1,"featured_media":0,"comment_status":"closed","ping_status":"open","sticky":false,"template":"","format":"standard","meta":{"footnotes":""},"categories":[20],"tags":[],"class_list":["post-3369","post","type-post","status-publish","format-standard","hentry","category-informacao"],"_links":{"self":[{"href":"https:\/\/www.adavaveiro.org\/index.php?rest_route=\/wp\/v2\/posts\/3369","targetHints":{"allow":["GET"]}}],"collection":[{"href":"https:\/\/www.adavaveiro.org\/index.php?rest_route=\/wp\/v2\/posts"}],"about":[{"href":"https:\/\/www.adavaveiro.org\/index.php?rest_route=\/wp\/v2\/types\/post"}],"author":[{"embeddable":true,"href":"https:\/\/www.adavaveiro.org\/index.php?rest_route=\/wp\/v2\/users\/1"}],"replies":[{"embeddable":true,"href":"https:\/\/www.adavaveiro.org\/index.php?rest_route=%2Fwp%2Fv2%2Fcomments&post=3369"}],"version-history":[{"count":7,"href":"https:\/\/www.adavaveiro.org\/index.php?rest_route=\/wp\/v2\/posts\/3369\/revisions"}],"predecessor-version":[{"id":3380,"href":"https:\/\/www.adavaveiro.org\/index.php?rest_route=\/wp\/v2\/posts\/3369\/revisions\/3380"}],"wp:attachment":[{"href":"https:\/\/www.adavaveiro.org\/index.php?rest_route=%2Fwp%2Fv2%2Fmedia&parent=3369"}],"wp:term":[{"taxonomy":"category","embeddable":true,"href":"https:\/\/www.adavaveiro.org\/index.php?rest_route=%2Fwp%2Fv2%2Fcategories&post=3369"},{"taxonomy":"post_tag","embeddable":true,"href":"https:\/\/www.adavaveiro.org\/index.php?rest_route=%2Fwp%2Fv2%2Ftags&post=3369"}],"curies":[{"name":"wp","href":"https:\/\/api.w.org\/{rel}","templated":true}]}}