{"id":338,"date":"2010-05-31T06:39:54","date_gmt":"2010-05-31T06:39:54","guid":{"rendered":"http:\/\/www.adavaveiro.org\/?p=338"},"modified":"2010-05-31T06:53:09","modified_gmt":"2010-05-31T06:53:09","slug":"convidados-da-escola-joao-afonso-em-aveiro","status":"publish","type":"post","link":"https:\/\/www.adavaveiro.org\/?p=338","title":{"rendered":"convidados da Escola Jo\u00e3o Afonso em Aveiro"},"content":{"rendered":"<p><a href=\"http:\/\/www.adavaveiro.org\/wp-content\/uploads\/Logo-do-ano-europeu.jpg\"><\/a><\/p>\n<p><a href=\"http:\/\/www.adavaveiro.org\/wp-content\/uploads\/Logo-do-ano-europeu_miniatura.jpg\"><\/a><a href=\"http:\/\/www.adavaveiro.org\/wp-content\/uploads\/Logo-do-ano-europeu.jpg\"><img loading=\"lazy\" decoding=\"async\" class=\"alignleft size-thumbnail wp-image-341\" title=\"Logo do ano europeu\" src=\"http:\/\/www.adavaveiro.org\/wp-content\/uploads\/Logo-do-ano-europeu-150x150.jpg\" alt=\"\" width=\"150\" height=\"150\" \/><\/a>A ADAV\u00a0esteve na Semana contra a Pobreza e a Exclus\u00e3o Social, na Escola B\u00e1sica 2.\u00ba e 3.\u00ba ciclo Jo\u00e3o Afonso, no \u00e2mbito do Ano Europeu de Luta contra a Pobreza e a Exclus\u00e3o Social &#8211; 2010.<\/p>\n<p>Convers\u00e1mos com alunos do 5.\u00ba e do 6.\u00ba ano, sobre as actividades da Institui\u00e7\u00e3o e convid\u00e1mo-los \u00e0 colabora\u00e7\u00e3o.<br \/>\nAgradecemos\u00a0a campanha que,\u00a0por altura do Natal, houve na Escola para angaria\u00e7\u00e3o de brinquedos e roupa que fizeram a alegria de v\u00e1rias crian\u00e7as apoiadas pela ADAV.<\/p>\n<p>Obrigada pela convite e pela colabora\u00e7\u00e3o!<\/p>\n","protected":false},"excerpt":{"rendered":"<p>A ADAV\u00a0esteve na Semana contra a Pobreza e a Exclus\u00e3o Social, na Escola B\u00e1sica 2.\u00ba e 3.\u00ba ciclo Jo\u00e3o Afonso, no \u00e2mbito do Ano Europeu de Luta contra a Pobreza e a Exclus\u00e3o Social &#8211; 2010. Convers\u00e1mos com alunos do &hellip; <a href=\"https:\/\/www.adavaveiro.org\/?p=338\">Continuar a ler <span class=\"meta-nav\">&rarr;<\/span><\/a><\/p>\n","protected":false},"author":1,"featured_media":0,"comment_status":"closed","ping_status":"closed","sticky":false,"template":"","format":"standard","meta":{"footnotes":""},"categories":[13],"tags":[],"class_list":["post-338","post","type-post","status-publish","format-standard","hentry","category-colaborar"],"_links":{"self":[{"href":"https:\/\/www.adavaveiro.org\/index.php?rest_route=\/wp\/v2\/posts\/338","targetHints":{"allow":["GET"]}}],"collection":[{"href":"https:\/\/www.adavaveiro.org\/index.php?rest_route=\/wp\/v2\/posts"}],"about":[{"href":"https:\/\/www.adavaveiro.org\/index.php?rest_route=\/wp\/v2\/types\/post"}],"author":[{"embeddable":true,"href":"https:\/\/www.adavaveiro.org\/index.php?rest_route=\/wp\/v2\/users\/1"}],"replies":[{"embeddable":true,"href":"https:\/\/www.adavaveiro.org\/index.php?rest_route=%2Fwp%2Fv2%2Fcomments&post=338"}],"version-history":[{"count":11,"href":"https:\/\/www.adavaveiro.org\/index.php?rest_route=\/wp\/v2\/posts\/338\/revisions"}],"predecessor-version":[{"id":351,"href":"https:\/\/www.adavaveiro.org\/index.php?rest_route=\/wp\/v2\/posts\/338\/revisions\/351"}],"wp:attachment":[{"href":"https:\/\/www.adavaveiro.org\/index.php?rest_route=%2Fwp%2Fv2%2Fmedia&parent=338"}],"wp:term":[{"taxonomy":"category","embeddable":true,"href":"https:\/\/www.adavaveiro.org\/index.php?rest_route=%2Fwp%2Fv2%2Fcategories&post=338"},{"taxonomy":"post_tag","embeddable":true,"href":"https:\/\/www.adavaveiro.org\/index.php?rest_route=%2Fwp%2Fv2%2Ftags&post=338"}],"curies":[{"name":"wp","href":"https:\/\/api.w.org\/{rel}","templated":true}]}}