{"id":3397,"date":"2017-11-10T17:19:46","date_gmt":"2017-11-10T17:19:46","guid":{"rendered":"http:\/\/www.adavaveiro.org\/?p=3397"},"modified":"2017-11-19T16:19:51","modified_gmt":"2017-11-19T16:19:51","slug":"caminhada-solidaria-pela-vida","status":"publish","type":"post","link":"https:\/\/www.adavaveiro.org\/?p=3397","title":{"rendered":"Caminhada Solid\u00e1ria pela Vida"},"content":{"rendered":"<p><img loading=\"lazy\" decoding=\"async\" class=\"size-thumbnail wp-image-3465 alignright\" src=\"http:\/\/www.adavaveiro.org\/wp-content\/uploads\/2017\/11\/dados-finais_site-260x176.jpg\" alt=\"\" width=\"260\" height=\"176\" srcset=\"https:\/\/www.adavaveiro.org\/wp-content\/uploads\/2017\/11\/dados-finais_site-260x176.jpg 260w, https:\/\/www.adavaveiro.org\/wp-content\/uploads\/2017\/11\/dados-finais_site-300x203.jpg 300w, https:\/\/www.adavaveiro.org\/wp-content\/uploads\/2017\/11\/dados-finais_site-768x519.jpg 768w, https:\/\/www.adavaveiro.org\/wp-content\/uploads\/2017\/11\/dados-finais_site-444x300.jpg 444w, https:\/\/www.adavaveiro.org\/wp-content\/uploads\/2017\/11\/dados-finais_site.jpg 963w\" sizes=\"auto, (max-width: 260px) 100vw, 260px\" \/><\/p>\n<p>A Caminhada Solid\u00e1ria pela Vida foi um sucesso. Consulte as fotografias e deixe o seu coment\u00e1rio na nossa p\u00e1gina do <a href=\"https:\/\/www.facebook.com\/events\/149581302207687\/\" target=\"_blank\" rel=\"noopener\">facebook.\u00a0<img loading=\"lazy\" decoding=\"async\" class=\"size-thumbnail wp-image-3398 alignleft\" src=\"http:\/\/www.adavaveiro.org\/wp-content\/uploads\/2017\/11\/20171104_164453-260x146.jpg\" alt=\"\" width=\"260\" height=\"146\" srcset=\"https:\/\/www.adavaveiro.org\/wp-content\/uploads\/2017\/11\/20171104_164453-260x146.jpg 260w, https:\/\/www.adavaveiro.org\/wp-content\/uploads\/2017\/11\/20171104_164453-300x169.jpg 300w, https:\/\/www.adavaveiro.org\/wp-content\/uploads\/2017\/11\/20171104_164453.jpg 567w\" sizes=\"auto, (max-width: 260px) 100vw, 260px\" \/><\/a><\/p>\n","protected":false},"excerpt":{"rendered":"<p>A Caminhada Solid\u00e1ria pela Vida foi um sucesso. Consulte as fotografias e deixe o seu coment\u00e1rio na nossa p\u00e1gina do facebook.\u00a0<\/p>\n","protected":false},"author":1,"featured_media":0,"comment_status":"closed","ping_status":"open","sticky":false,"template":"","format":"standard","meta":{"footnotes":""},"categories":[20],"tags":[],"class_list":["post-3397","post","type-post","status-publish","format-standard","hentry","category-informacao"],"_links":{"self":[{"href":"https:\/\/www.adavaveiro.org\/index.php?rest_route=\/wp\/v2\/posts\/3397","targetHints":{"allow":["GET"]}}],"collection":[{"href":"https:\/\/www.adavaveiro.org\/index.php?rest_route=\/wp\/v2\/posts"}],"about":[{"href":"https:\/\/www.adavaveiro.org\/index.php?rest_route=\/wp\/v2\/types\/post"}],"author":[{"embeddable":true,"href":"https:\/\/www.adavaveiro.org\/index.php?rest_route=\/wp\/v2\/users\/1"}],"replies":[{"embeddable":true,"href":"https:\/\/www.adavaveiro.org\/index.php?rest_route=%2Fwp%2Fv2%2Fcomments&post=3397"}],"version-history":[{"count":3,"href":"https:\/\/www.adavaveiro.org\/index.php?rest_route=\/wp\/v2\/posts\/3397\/revisions"}],"predecessor-version":[{"id":3467,"href":"https:\/\/www.adavaveiro.org\/index.php?rest_route=\/wp\/v2\/posts\/3397\/revisions\/3467"}],"wp:attachment":[{"href":"https:\/\/www.adavaveiro.org\/index.php?rest_route=%2Fwp%2Fv2%2Fmedia&parent=3397"}],"wp:term":[{"taxonomy":"category","embeddable":true,"href":"https:\/\/www.adavaveiro.org\/index.php?rest_route=%2Fwp%2Fv2%2Fcategories&post=3397"},{"taxonomy":"post_tag","embeddable":true,"href":"https:\/\/www.adavaveiro.org\/index.php?rest_route=%2Fwp%2Fv2%2Ftags&post=3397"}],"curies":[{"name":"wp","href":"https:\/\/api.w.org\/{rel}","templated":true}]}}