{"id":3400,"date":"2017-11-12T10:06:15","date_gmt":"2017-11-12T10:06:15","guid":{"rendered":"http:\/\/www.adavaveiro.org\/?p=3400"},"modified":"2017-11-19T16:19:30","modified_gmt":"2017-11-19T16:19:30","slug":"adav-aveiro-congratula-se-com-os-50-anos-da-instituicao-o-ninho","status":"publish","type":"post","link":"https:\/\/www.adavaveiro.org\/?p=3400","title":{"rendered":"ADAV-Aveiro congratula-se com os 50 anos da Institui\u00e7\u00e3o \u00abO Ninho\u00bb"},"content":{"rendered":"<p>A ADAV-Aveiro congratula-se com os 50 anos da institui\u00e7\u00e3o \u00abO Ninho\u00bb, expressando o seu apre\u00e7o pelo trabalho singular em prol da promo\u00e7\u00e3o da dignidade da pessoa humana e no combate contra a prostitui\u00e7\u00e3o.<br \/>\nA a\u00e7\u00e3o desta institui\u00e7\u00e3o merece todo o reconhecimento. Esta tem sido uma voz cred\u00edvel no combate contra a prostitui\u00e7\u00e3o, que tantos pretendem justificar sob a capa de que a sua exist\u00eancia vem de tempos long\u00ednquos. Esta tem sido uma institui\u00e7\u00e3o marcada pela coragem, insurgindo-se contra as tentativas de legalizar o que atenta contra a dignidade e contra as tentativas de legitimar uma pr\u00e1tica que p\u00f5e em causa os mais elementares direitos da pessoa humana. A sua a\u00e7\u00e3o concreta \u00e9 sinal inequ\u00edvoco de que n\u00e3o pode legalizar-se um atentado contra a pessoa humana, antes, devem reunir-se esfor\u00e7os para eliminar uma pr\u00e1tica que destr\u00f3i quem nela participa ou \u00e9 envolvido.<\/p>\n<p>A ADAV-Aveiro associa-se a esta data t\u00e3o marcante, expressando votos de que muitas vozes se re\u00fanam em torno de t\u00e3o nobre causa e de t\u00e3o merit\u00f3ria institui\u00e7\u00e3o, pr\u00f3xima de quem est\u00e1 esquecido e abandonado, em particular, mulheres que a indiferen\u00e7a transforma em objetos, atentando contra a dignidade que a todos e cada ser humano \u00e9 inerente.<\/p>\n<p>\u00c0 sua presidente, In\u00eas Fontinha, a ADAV-Aveiro deixa uma palavra de reconhecimento pela corajosa a\u00e7\u00e3o p\u00fablica, mesmo quando as correntes adversas s\u00e3o mais duras e dif\u00edceis de enfrentar. Que esta data permita reconhecer que o caminho se faz no combate contra o que atenta contra a pessoa humana e nunca na legitima\u00e7\u00e3o do que a diminui.<\/p>\n<p><a href=\"http:\/\/www.oninho.pt\/\" target=\"_blank\" rel=\"noopener\">o site da associa\u00e7\u00e3o<\/a><\/p>\n","protected":false},"excerpt":{"rendered":"<p>A ADAV-Aveiro congratula-se com os 50 anos da institui\u00e7\u00e3o \u00abO Ninho\u00bb, expressando o seu apre\u00e7o pelo trabalho singular em prol da promo\u00e7\u00e3o da dignidade da pessoa humana e no combate contra a prostitui\u00e7\u00e3o. A a\u00e7\u00e3o desta institui\u00e7\u00e3o merece todo o &hellip; <a href=\"https:\/\/www.adavaveiro.org\/?p=3400\">Continuar a ler <span class=\"meta-nav\">&rarr;<\/span><\/a><\/p>\n","protected":false},"author":1,"featured_media":0,"comment_status":"closed","ping_status":"open","sticky":false,"template":"","format":"standard","meta":{"footnotes":""},"categories":[8],"tags":[],"class_list":["post-3400","post","type-post","status-publish","format-standard","hentry","category-comemoracao"],"_links":{"self":[{"href":"https:\/\/www.adavaveiro.org\/index.php?rest_route=\/wp\/v2\/posts\/3400","targetHints":{"allow":["GET"]}}],"collection":[{"href":"https:\/\/www.adavaveiro.org\/index.php?rest_route=\/wp\/v2\/posts"}],"about":[{"href":"https:\/\/www.adavaveiro.org\/index.php?rest_route=\/wp\/v2\/types\/post"}],"author":[{"embeddable":true,"href":"https:\/\/www.adavaveiro.org\/index.php?rest_route=\/wp\/v2\/users\/1"}],"replies":[{"embeddable":true,"href":"https:\/\/www.adavaveiro.org\/index.php?rest_route=%2Fwp%2Fv2%2Fcomments&post=3400"}],"version-history":[{"count":1,"href":"https:\/\/www.adavaveiro.org\/index.php?rest_route=\/wp\/v2\/posts\/3400\/revisions"}],"predecessor-version":[{"id":3401,"href":"https:\/\/www.adavaveiro.org\/index.php?rest_route=\/wp\/v2\/posts\/3400\/revisions\/3401"}],"wp:attachment":[{"href":"https:\/\/www.adavaveiro.org\/index.php?rest_route=%2Fwp%2Fv2%2Fmedia&parent=3400"}],"wp:term":[{"taxonomy":"category","embeddable":true,"href":"https:\/\/www.adavaveiro.org\/index.php?rest_route=%2Fwp%2Fv2%2Fcategories&post=3400"},{"taxonomy":"post_tag","embeddable":true,"href":"https:\/\/www.adavaveiro.org\/index.php?rest_route=%2Fwp%2Fv2%2Ftags&post=3400"}],"curies":[{"name":"wp","href":"https:\/\/api.w.org\/{rel}","templated":true}]}}