{"id":352,"date":"2010-06-10T19:47:09","date_gmt":"2010-06-10T19:47:09","guid":{"rendered":"http:\/\/www.adavaveiro.org\/?p=352"},"modified":"2010-06-12T09:18:06","modified_gmt":"2010-06-12T09:18:06","slug":"campanha-de-fraldas","status":"publish","type":"post","link":"https:\/\/www.adavaveiro.org\/?p=352","title":{"rendered":"Os beb\u00e9s e as m\u00e3es agradecem!"},"content":{"rendered":"<p>\u00a0<a href=\"http:\/\/www.adavaveiro.org\/wp-content\/uploads\/entrega-de-fraldas_12E_Maio_2010_min_2.jpg\"><img loading=\"lazy\" decoding=\"async\" class=\"size-thumbnail wp-image-359    alignleft\" title=\"entrega de fraldas_12E_Maio_2010_min_2\" src=\"http:\/\/www.adavaveiro.org\/wp-content\/uploads\/entrega-de-fraldas_12E_Maio_2010_min_2-150x150.jpg\" alt=\"\" width=\"150\" height=\"150\" \/><\/a><a href=\"http:\/\/www.adavaveiro.org\/wp-content\/uploads\/entrega-de-fraldas_12E_Maio_2010-4.jpg\"><img loading=\"lazy\" decoding=\"async\" class=\"size-thumbnail wp-image-354 aligncenter\" title=\"entrega de fraldas_12E_Maio_2010 (4)\" src=\"http:\/\/www.adavaveiro.org\/wp-content\/uploads\/entrega-de-fraldas_12E_Maio_2010-4-150x150.jpg\" alt=\"\" width=\"150\" height=\"150\" \/><\/a>Alguns\u00a0alunos do 12.\u00ba E da Esc. Dr. M\u00e1rio Sacramento (Aveiro) passaram <a href=\"http:\/\/www.adavaveiro.org\/wp-content\/uploads\/entrega-de-fraldas_12E_Maio_2010-2.jpg\"><\/a><a href=\"http:\/\/www.adavaveiro.org\/wp-content\/uploads\/entrega-de-fraldas_12E_Maio_2010-4.jpg\"><\/a>pela ADAV para entregar o fruto da campanha que desenvolveram para angrariar fundos: compraram v\u00e1rios pacotes de fraldas.<br \/>\nOs beb\u00e9s e as m\u00e3es agradecem!<\/p>\n","protected":false},"excerpt":{"rendered":"<p>\u00a0Alguns\u00a0alunos do 12.\u00ba E da Esc. Dr. M\u00e1rio Sacramento (Aveiro) passaram pela ADAV para entregar o fruto da campanha que desenvolveram para angrariar fundos: compraram v\u00e1rios pacotes de fraldas. Os beb\u00e9s e as m\u00e3es agradecem!<\/p>\n","protected":false},"author":1,"featured_media":0,"comment_status":"closed","ping_status":"closed","sticky":false,"template":"","format":"standard","meta":{"footnotes":""},"categories":[13],"tags":[],"class_list":["post-352","post","type-post","status-publish","format-standard","hentry","category-colaborar"],"_links":{"self":[{"href":"https:\/\/www.adavaveiro.org\/index.php?rest_route=\/wp\/v2\/posts\/352","targetHints":{"allow":["GET"]}}],"collection":[{"href":"https:\/\/www.adavaveiro.org\/index.php?rest_route=\/wp\/v2\/posts"}],"about":[{"href":"https:\/\/www.adavaveiro.org\/index.php?rest_route=\/wp\/v2\/types\/post"}],"author":[{"embeddable":true,"href":"https:\/\/www.adavaveiro.org\/index.php?rest_route=\/wp\/v2\/users\/1"}],"replies":[{"embeddable":true,"href":"https:\/\/www.adavaveiro.org\/index.php?rest_route=%2Fwp%2Fv2%2Fcomments&post=352"}],"version-history":[{"count":11,"href":"https:\/\/www.adavaveiro.org\/index.php?rest_route=\/wp\/v2\/posts\/352\/revisions"}],"predecessor-version":[{"id":366,"href":"https:\/\/www.adavaveiro.org\/index.php?rest_route=\/wp\/v2\/posts\/352\/revisions\/366"}],"wp:attachment":[{"href":"https:\/\/www.adavaveiro.org\/index.php?rest_route=%2Fwp%2Fv2%2Fmedia&parent=352"}],"wp:term":[{"taxonomy":"category","embeddable":true,"href":"https:\/\/www.adavaveiro.org\/index.php?rest_route=%2Fwp%2Fv2%2Fcategories&post=352"},{"taxonomy":"post_tag","embeddable":true,"href":"https:\/\/www.adavaveiro.org\/index.php?rest_route=%2Fwp%2Fv2%2Ftags&post=352"}],"curies":[{"name":"wp","href":"https:\/\/api.w.org\/{rel}","templated":true}]}}