{"id":3540,"date":"2018-10-10T16:55:18","date_gmt":"2018-10-10T16:55:18","guid":{"rendered":"http:\/\/www.adavaveiro.org\/?p=3540"},"modified":"2018-11-03T10:20:06","modified_gmt":"2018-11-03T10:20:06","slug":"ii-caminhada-solidaria-pela-vida","status":"publish","type":"post","link":"https:\/\/www.adavaveiro.org\/?p=3540","title":{"rendered":"II Caminhada Solid\u00e1ria Pela VIDA"},"content":{"rendered":"<div class=\"_63eu\">\n<div class=\"_63ew\" style=\"text-align: center;\" data-testid=\"event-permalink-details\"><img loading=\"lazy\" decoding=\"async\" class=\"aligncenter size-thumbnail wp-image-3545\" src=\"http:\/\/www.adavaveiro.org\/wp-content\/uploads\/2018\/10\/II-Caminhada_final_pequeno-184x260.jpg\" alt=\"\" width=\"184\" height=\"260\" srcset=\"https:\/\/www.adavaveiro.org\/wp-content\/uploads\/2018\/10\/II-Caminhada_final_pequeno-184x260.jpg 184w, https:\/\/www.adavaveiro.org\/wp-content\/uploads\/2018\/10\/II-Caminhada_final_pequeno-213x300.jpg 213w, https:\/\/www.adavaveiro.org\/wp-content\/uploads\/2018\/10\/II-Caminhada_final_pequeno.jpg 249w\" sizes=\"auto, (max-width: 184px) 100vw, 184px\" \/>II CAMINHADA SOLID\u00c1RIA PELA VIDA &#8211; AVEIRO<br \/>\n27 de OUTUBRO 2018 &#8211; 16h<br \/>\nCONCENTRA\u00c7\u00c3O em frente ao CENTRO DE CONGRESSOS<br \/>\nCAIS DA FONTE NOVA &#8211; 15hINSCREVE-TE ONLINE AQUI<br \/>\n<a href=\"https:\/\/goo.gl\/VywRHP\" target=\"_blank\" rel=\"nofollow noopener\" data-lynx-mode=\"hover\" data-lynx-uri=\"https:\/\/l.facebook.com\/l.php?u=https%3A%2F%2Fgoo.gl%2FVywRHP&amp;h=AT0hcaX84Wz8Nwkv6tfSvjy02TYdZWkd3AiJB92zIFL7j0DixV4feml8MkiwV95Lw98N7VwYNJGYcmBNidx9OKpZqVxSZmTjOSorURRC0lDeoa6i3dZCKHRcY7Huhw_8Ag\">https:\/\/goo.gl\/VywRHP<\/a><\/div>\n<\/div>\n","protected":false},"excerpt":{"rendered":"<p>II CAMINHADA SOLID\u00c1RIA PELA VIDA &#8211; AVEIRO 27 de OUTUBRO 2018 &#8211; 16h CONCENTRA\u00c7\u00c3O em frente ao CENTRO DE CONGRESSOS CAIS DA FONTE NOVA &#8211; 15hINSCREVE-TE ONLINE AQUI https:\/\/goo.gl\/VywRHP<\/p>\n","protected":false},"author":1,"featured_media":0,"comment_status":"open","ping_status":"open","sticky":false,"template":"","format":"standard","meta":{"footnotes":""},"categories":[13],"tags":[],"class_list":["post-3540","post","type-post","status-publish","format-standard","hentry","category-colaborar"],"_links":{"self":[{"href":"https:\/\/www.adavaveiro.org\/index.php?rest_route=\/wp\/v2\/posts\/3540","targetHints":{"allow":["GET"]}}],"collection":[{"href":"https:\/\/www.adavaveiro.org\/index.php?rest_route=\/wp\/v2\/posts"}],"about":[{"href":"https:\/\/www.adavaveiro.org\/index.php?rest_route=\/wp\/v2\/types\/post"}],"author":[{"embeddable":true,"href":"https:\/\/www.adavaveiro.org\/index.php?rest_route=\/wp\/v2\/users\/1"}],"replies":[{"embeddable":true,"href":"https:\/\/www.adavaveiro.org\/index.php?rest_route=%2Fwp%2Fv2%2Fcomments&post=3540"}],"version-history":[{"count":5,"href":"https:\/\/www.adavaveiro.org\/index.php?rest_route=\/wp\/v2\/posts\/3540\/revisions"}],"predecessor-version":[{"id":3547,"href":"https:\/\/www.adavaveiro.org\/index.php?rest_route=\/wp\/v2\/posts\/3540\/revisions\/3547"}],"wp:attachment":[{"href":"https:\/\/www.adavaveiro.org\/index.php?rest_route=%2Fwp%2Fv2%2Fmedia&parent=3540"}],"wp:term":[{"taxonomy":"category","embeddable":true,"href":"https:\/\/www.adavaveiro.org\/index.php?rest_route=%2Fwp%2Fv2%2Fcategories&post=3540"},{"taxonomy":"post_tag","embeddable":true,"href":"https:\/\/www.adavaveiro.org\/index.php?rest_route=%2Fwp%2Fv2%2Ftags&post=3540"}],"curies":[{"name":"wp","href":"https:\/\/api.w.org\/{rel}","templated":true}]}}