{"id":3549,"date":"2018-11-03T10:23:17","date_gmt":"2018-11-03T10:23:17","guid":{"rendered":"http:\/\/www.adavaveiro.org\/?p=3549"},"modified":"2021-12-20T10:57:19","modified_gmt":"2021-12-20T10:57:19","slug":"caminhada-solidaria-pela-vida-2","status":"publish","type":"post","link":"https:\/\/www.adavaveiro.org\/?p=3549","title":{"rendered":"CAMINHADA SOLID\u00c1RIA PELA VIDA"},"content":{"rendered":"<p style=\"text-align: center;\"><img loading=\"lazy\" decoding=\"async\" class=\"aligncenter size-thumbnail wp-image-3550\" src=\"http:\/\/www.adavaveiro.org\/wp-content\/uploads\/2018\/11\/20181027_161611-260x146.jpg\" alt=\"\" width=\"260\" height=\"146\" srcset=\"https:\/\/www.adavaveiro.org\/wp-content\/uploads\/2018\/11\/20181027_161611-260x146.jpg 260w, https:\/\/www.adavaveiro.org\/wp-content\/uploads\/2018\/11\/20181027_161611-300x169.jpg 300w, https:\/\/www.adavaveiro.org\/wp-content\/uploads\/2018\/11\/20181027_161611-768x432.jpg 768w, https:\/\/www.adavaveiro.org\/wp-content\/uploads\/2018\/11\/20181027_161611-1024x576.jpg 1024w, https:\/\/www.adavaveiro.org\/wp-content\/uploads\/2018\/11\/20181027_161611-500x281.jpg 500w, https:\/\/www.adavaveiro.org\/wp-content\/uploads\/2018\/11\/20181027_161611.jpg 1124w\" sizes=\"auto, (max-width: 260px) 100vw, 260px\" \/><strong>A II CAMINHADA SOLID\u00c1RIA PELA VIDA decorreu no dia 27 de outubro 2018 com participa\u00e7\u00e3o de quase 300 inscritos.<br \/>\nEm breve daremos a conhecer o balan\u00e7o da atividade. <\/strong><\/p>\n<p style=\"text-align: center;\"><strong>Estiveram presentes representantes da ADAV Coimbra e a Plataforma dos Direitos Humanos de Aveiro, que celebra os 70 anos da Declara\u00e7\u00e3o Universal dos Direitos Humanos.<\/strong><\/p>\n","protected":false},"excerpt":{"rendered":"<p>A II CAMINHADA SOLID\u00c1RIA PELA VIDA decorreu no dia 27 de outubro 2018 com participa\u00e7\u00e3o de quase 300 inscritos. Em breve daremos a conhecer o balan\u00e7o da atividade. Estiveram presentes representantes da ADAV Coimbra e a Plataforma dos Direitos Humanos &hellip; <a href=\"https:\/\/www.adavaveiro.org\/?p=3549\">Continuar a ler <span class=\"meta-nav\">&rarr;<\/span><\/a><\/p>\n","protected":false},"author":1,"featured_media":0,"comment_status":"open","ping_status":"open","sticky":false,"template":"","format":"standard","meta":{"footnotes":""},"categories":[13],"tags":[],"class_list":["post-3549","post","type-post","status-publish","format-standard","hentry","category-colaborar"],"_links":{"self":[{"href":"https:\/\/www.adavaveiro.org\/index.php?rest_route=\/wp\/v2\/posts\/3549","targetHints":{"allow":["GET"]}}],"collection":[{"href":"https:\/\/www.adavaveiro.org\/index.php?rest_route=\/wp\/v2\/posts"}],"about":[{"href":"https:\/\/www.adavaveiro.org\/index.php?rest_route=\/wp\/v2\/types\/post"}],"author":[{"embeddable":true,"href":"https:\/\/www.adavaveiro.org\/index.php?rest_route=\/wp\/v2\/users\/1"}],"replies":[{"embeddable":true,"href":"https:\/\/www.adavaveiro.org\/index.php?rest_route=%2Fwp%2Fv2%2Fcomments&post=3549"}],"version-history":[{"count":2,"href":"https:\/\/www.adavaveiro.org\/index.php?rest_route=\/wp\/v2\/posts\/3549\/revisions"}],"predecessor-version":[{"id":3863,"href":"https:\/\/www.adavaveiro.org\/index.php?rest_route=\/wp\/v2\/posts\/3549\/revisions\/3863"}],"wp:attachment":[{"href":"https:\/\/www.adavaveiro.org\/index.php?rest_route=%2Fwp%2Fv2%2Fmedia&parent=3549"}],"wp:term":[{"taxonomy":"category","embeddable":true,"href":"https:\/\/www.adavaveiro.org\/index.php?rest_route=%2Fwp%2Fv2%2Fcategories&post=3549"},{"taxonomy":"post_tag","embeddable":true,"href":"https:\/\/www.adavaveiro.org\/index.php?rest_route=%2Fwp%2Fv2%2Ftags&post=3549"}],"curies":[{"name":"wp","href":"https:\/\/api.w.org\/{rel}","templated":true}]}}