{"id":3557,"date":"2018-12-05T08:09:38","date_gmt":"2018-12-05T08:09:38","guid":{"rendered":"http:\/\/www.adavaveiro.org\/?p=3557"},"modified":"2019-03-02T11:08:17","modified_gmt":"2019-03-02T11:08:17","slug":"campanhas-de-natal","status":"publish","type":"post","link":"https:\/\/www.adavaveiro.org\/?p=3557","title":{"rendered":"Campanhas de Natal"},"content":{"rendered":"<p style=\"text-align: center;\">Se vir este cartaz e esta \u00e1rvore, n\u00e3o hesite! Colabore!<br \/>\nAs m\u00e3es e as crian\u00e7as que a ADAV Aveiro apoia agradecem!<img loading=\"lazy\" decoding=\"async\" class=\"size-thumbnail wp-image-3558 aligncenter\" src=\"http:\/\/www.adavaveiro.org\/wp-content\/uploads\/2018\/12\/Post-Campanha-Natal-2018-260x218.jpg\" alt=\"\" width=\"260\" height=\"218\" srcset=\"https:\/\/www.adavaveiro.org\/wp-content\/uploads\/2018\/12\/Post-Campanha-Natal-2018-260x218.jpg 260w, https:\/\/www.adavaveiro.org\/wp-content\/uploads\/2018\/12\/Post-Campanha-Natal-2018-300x251.jpg 300w, https:\/\/www.adavaveiro.org\/wp-content\/uploads\/2018\/12\/Post-Campanha-Natal-2018-768x644.jpg 768w, https:\/\/www.adavaveiro.org\/wp-content\/uploads\/2018\/12\/Post-Campanha-Natal-2018-358x300.jpg 358w, https:\/\/www.adavaveiro.org\/wp-content\/uploads\/2018\/12\/Post-Campanha-Natal-2018.jpg 940w\" sizes=\"auto, (max-width: 260px) 100vw, 260px\" \/><img loading=\"lazy\" decoding=\"async\" class=\"size-thumbnail wp-image-3565 aligncenter\" src=\"http:\/\/www.adavaveiro.org\/wp-content\/uploads\/2018\/12\/IMG_3808-195x260.jpg\" alt=\"\" width=\"195\" height=\"260\" srcset=\"https:\/\/www.adavaveiro.org\/wp-content\/uploads\/2018\/12\/IMG_3808-195x260.jpg 195w, https:\/\/www.adavaveiro.org\/wp-content\/uploads\/2018\/12\/IMG_3808-225x300.jpg 225w, https:\/\/www.adavaveiro.org\/wp-content\/uploads\/2018\/12\/IMG_3808.jpg 605w\" sizes=\"auto, (max-width: 195px) 100vw, 195px\" \/><\/p>\n<p style=\"text-align: center;\">OBRIGADA!<\/p>\n","protected":false},"excerpt":{"rendered":"<p>Se vir este cartaz e esta \u00e1rvore, n\u00e3o hesite! Colabore! As m\u00e3es e as crian\u00e7as que a ADAV Aveiro apoia agradecem! OBRIGADA!<\/p>\n","protected":false},"author":1,"featured_media":0,"comment_status":"closed","ping_status":"open","sticky":false,"template":"","format":"standard","meta":{"footnotes":""},"categories":[13],"tags":[],"class_list":["post-3557","post","type-post","status-publish","format-standard","hentry","category-colaborar"],"_links":{"self":[{"href":"https:\/\/www.adavaveiro.org\/index.php?rest_route=\/wp\/v2\/posts\/3557","targetHints":{"allow":["GET"]}}],"collection":[{"href":"https:\/\/www.adavaveiro.org\/index.php?rest_route=\/wp\/v2\/posts"}],"about":[{"href":"https:\/\/www.adavaveiro.org\/index.php?rest_route=\/wp\/v2\/types\/post"}],"author":[{"embeddable":true,"href":"https:\/\/www.adavaveiro.org\/index.php?rest_route=\/wp\/v2\/users\/1"}],"replies":[{"embeddable":true,"href":"https:\/\/www.adavaveiro.org\/index.php?rest_route=%2Fwp%2Fv2%2Fcomments&post=3557"}],"version-history":[{"count":6,"href":"https:\/\/www.adavaveiro.org\/index.php?rest_route=\/wp\/v2\/posts\/3557\/revisions"}],"predecessor-version":[{"id":3572,"href":"https:\/\/www.adavaveiro.org\/index.php?rest_route=\/wp\/v2\/posts\/3557\/revisions\/3572"}],"wp:attachment":[{"href":"https:\/\/www.adavaveiro.org\/index.php?rest_route=%2Fwp%2Fv2%2Fmedia&parent=3557"}],"wp:term":[{"taxonomy":"category","embeddable":true,"href":"https:\/\/www.adavaveiro.org\/index.php?rest_route=%2Fwp%2Fv2%2Fcategories&post=3557"},{"taxonomy":"post_tag","embeddable":true,"href":"https:\/\/www.adavaveiro.org\/index.php?rest_route=%2Fwp%2Fv2%2Ftags&post=3557"}],"curies":[{"name":"wp","href":"https:\/\/api.w.org\/{rel}","templated":true}]}}