{"id":3593,"date":"2019-05-05T09:03:57","date_gmt":"2019-05-05T09:03:57","guid":{"rendered":"http:\/\/www.adavaveiro.org\/?p=3593"},"modified":"2021-12-20T10:56:21","modified_gmt":"2021-12-20T10:56:21","slug":"feliz-dia-da-mae-4","status":"publish","type":"post","link":"https:\/\/www.adavaveiro.org\/?p=3593","title":{"rendered":"FELIZ DIA DA M\u00c3E!"},"content":{"rendered":"\n<div class=\"wp-block-image\"><figure class=\"alignright is-resized\"><img loading=\"lazy\" decoding=\"async\" src=\"http:\/\/www.adavaveiro.org\/wp-content\/uploads\/2019\/05\/Fam\u00edlia_Almada-Negreiros.jpg\" alt=\"\" class=\"wp-image-3595\" width=\"211\" height=\"250\" srcset=\"https:\/\/www.adavaveiro.org\/wp-content\/uploads\/2019\/05\/Fam\u00edlia_Almada-Negreiros.jpg 421w, https:\/\/www.adavaveiro.org\/wp-content\/uploads\/2019\/05\/Fam\u00edlia_Almada-Negreiros-219x260.jpg 219w, https:\/\/www.adavaveiro.org\/wp-content\/uploads\/2019\/05\/Fam\u00edlia_Almada-Negreiros-253x300.jpg 253w\" sizes=\"auto, (max-width: 211px) 100vw, 211px\" \/><\/figure><\/div>\n\n\n\n<p>Quando eu nasci,&nbsp;<br>ficou tudo como estava.&nbsp;<br>Nem homens cortaram veias,&nbsp;<br>nem o Sol escureceu,&nbsp;<br>nem houve estrelas a mais&#8230;&nbsp;<br>Somente,&nbsp;<br>esquecida das dores,&nbsp;<br>a minha M\u00e3e sorriu e agradeceu.<\/p>\n\n\n\n<p>Quando eu nasci,&nbsp;<br>n\u00e3o houve nada de novo&nbsp;<br>sen\u00e3o eu.&nbsp;<br>As nuvens n\u00e3o se espantaram,&nbsp;<br>n\u00e3o enlouqueceu ningu\u00e9m&#8230;&nbsp;<br>Pra que o dia fosse enorme,&nbsp;<br>bastava toda a ternura que olhava&nbsp;<br>nos olhos de minha M\u00e3e&#8230;<\/p>\n\n\n\n<p>ilustra\u00e7\u00e3o &#8211; Fam\u00edlia de Almada Negreiros<\/p>\n\n\n\n<p>Sebasti\u00e3o da Gama&nbsp;<br>10 Abril 1924 &#8211; 7 Fevereiro 1952<\/p>\n","protected":false},"excerpt":{"rendered":"<p>Quando eu nasci,&nbsp;ficou tudo como estava.&nbsp;Nem homens cortaram veias,&nbsp;nem o Sol escureceu,&nbsp;nem houve estrelas a mais&#8230;&nbsp;Somente,&nbsp;esquecida das dores,&nbsp;a minha M\u00e3e sorriu e agradeceu. Quando eu nasci,&nbsp;n\u00e3o houve nada de novo&nbsp;sen\u00e3o eu.&nbsp;As nuvens n\u00e3o se espantaram,&nbsp;n\u00e3o enlouqueceu ningu\u00e9m&#8230;&nbsp;Pra que o dia &hellip; <a href=\"https:\/\/www.adavaveiro.org\/?p=3593\">Continuar a ler <span class=\"meta-nav\">&rarr;<\/span><\/a><\/p>\n","protected":false},"author":1,"featured_media":0,"comment_status":"closed","ping_status":"open","sticky":false,"template":"","format":"standard","meta":{"footnotes":""},"categories":[8],"tags":[],"class_list":["post-3593","post","type-post","status-publish","format-standard","hentry","category-comemoracao"],"_links":{"self":[{"href":"https:\/\/www.adavaveiro.org\/index.php?rest_route=\/wp\/v2\/posts\/3593","targetHints":{"allow":["GET"]}}],"collection":[{"href":"https:\/\/www.adavaveiro.org\/index.php?rest_route=\/wp\/v2\/posts"}],"about":[{"href":"https:\/\/www.adavaveiro.org\/index.php?rest_route=\/wp\/v2\/types\/post"}],"author":[{"embeddable":true,"href":"https:\/\/www.adavaveiro.org\/index.php?rest_route=\/wp\/v2\/users\/1"}],"replies":[{"embeddable":true,"href":"https:\/\/www.adavaveiro.org\/index.php?rest_route=%2Fwp%2Fv2%2Fcomments&post=3593"}],"version-history":[{"count":6,"href":"https:\/\/www.adavaveiro.org\/index.php?rest_route=\/wp\/v2\/posts\/3593\/revisions"}],"predecessor-version":[{"id":3861,"href":"https:\/\/www.adavaveiro.org\/index.php?rest_route=\/wp\/v2\/posts\/3593\/revisions\/3861"}],"wp:attachment":[{"href":"https:\/\/www.adavaveiro.org\/index.php?rest_route=%2Fwp%2Fv2%2Fmedia&parent=3593"}],"wp:term":[{"taxonomy":"category","embeddable":true,"href":"https:\/\/www.adavaveiro.org\/index.php?rest_route=%2Fwp%2Fv2%2Fcategories&post=3593"},{"taxonomy":"post_tag","embeddable":true,"href":"https:\/\/www.adavaveiro.org\/index.php?rest_route=%2Fwp%2Fv2%2Ftags&post=3593"}],"curies":[{"name":"wp","href":"https:\/\/api.w.org\/{rel}","templated":true}]}}