{"id":3606,"date":"2019-05-15T16:06:33","date_gmt":"2019-05-15T16:06:33","guid":{"rendered":"http:\/\/www.adavaveiro.org\/?p=3606"},"modified":"2019-07-16T09:57:03","modified_gmt":"2019-07-16T09:57:03","slug":"dia-internacional-da-familia-2","status":"publish","type":"post","link":"https:\/\/www.adavaveiro.org\/?p=3606","title":{"rendered":"Feliz Dia da Fam\u00edlia"},"content":{"rendered":"\n<figure class=\"wp-block-image\"><img loading=\"lazy\" decoding=\"async\" width=\"620\" height=\"330\" src=\"http:\/\/www.adavaveiro.org\/wp-content\/uploads\/2019\/05\/dia-internacional-da-familia.jpg\" alt=\"\" class=\"wp-image-3603\" srcset=\"https:\/\/www.adavaveiro.org\/wp-content\/uploads\/2019\/05\/dia-internacional-da-familia.jpg 620w, https:\/\/www.adavaveiro.org\/wp-content\/uploads\/2019\/05\/dia-internacional-da-familia-260x138.jpg 260w, https:\/\/www.adavaveiro.org\/wp-content\/uploads\/2019\/05\/dia-internacional-da-familia-300x160.jpg 300w, https:\/\/www.adavaveiro.org\/wp-content\/uploads\/2019\/05\/dia-internacional-da-familia-500x266.jpg 500w\" sizes=\"auto, (max-width: 620px) 100vw, 620px\" \/><\/figure>\n\n\n\n<p>Dia internacional da Fam\u00edlia &#8211; Hoje assinala-se este dia, por iniciativa da Assembleia Geral das Na\u00e7\u00f5es Unidas, celebrado pela primeira vez em 1994.<\/p>\n\n\n\n<p>Com esta celebra\u00e7\u00e3o, pretende sublinhar-se<\/p>\n\n\n\n<p>a) o relevo da fam\u00edlia na base da educa\u00e7\u00e3o infantil;<br>b) a mensagem de uni\u00e3o, amor, respeito e compreens\u00e3o necess\u00e1rias para o bom relacionamento de todos os elementos que comp\u00f5em a fam\u00edlia;<br>c) a fam\u00edlia como n\u00facleo vital da sociedade com os seus direitos e responsabilidades;<br>d) o conhecimento das quest\u00f5es sociais, econ\u00f3micas e demogr\u00e1ficas que afetam a fam\u00edlia.<\/p>\n","protected":false},"excerpt":{"rendered":"<p>Dia internacional da Fam\u00edlia &#8211; Hoje assinala-se este dia, por iniciativa da Assembleia Geral das Na\u00e7\u00f5es Unidas, celebrado pela primeira vez em 1994. Com esta celebra\u00e7\u00e3o, pretende sublinhar-se a) o relevo da fam\u00edlia na base da educa\u00e7\u00e3o infantil;b) a mensagem &hellip; <a href=\"https:\/\/www.adavaveiro.org\/?p=3606\">Continuar a ler <span class=\"meta-nav\">&rarr;<\/span><\/a><\/p>\n","protected":false},"author":1,"featured_media":0,"comment_status":"closed","ping_status":"open","sticky":false,"template":"","format":"standard","meta":{"footnotes":""},"categories":[8],"tags":[],"class_list":["post-3606","post","type-post","status-publish","format-standard","hentry","category-comemoracao"],"_links":{"self":[{"href":"https:\/\/www.adavaveiro.org\/index.php?rest_route=\/wp\/v2\/posts\/3606","targetHints":{"allow":["GET"]}}],"collection":[{"href":"https:\/\/www.adavaveiro.org\/index.php?rest_route=\/wp\/v2\/posts"}],"about":[{"href":"https:\/\/www.adavaveiro.org\/index.php?rest_route=\/wp\/v2\/types\/post"}],"author":[{"embeddable":true,"href":"https:\/\/www.adavaveiro.org\/index.php?rest_route=\/wp\/v2\/users\/1"}],"replies":[{"embeddable":true,"href":"https:\/\/www.adavaveiro.org\/index.php?rest_route=%2Fwp%2Fv2%2Fcomments&post=3606"}],"version-history":[{"count":2,"href":"https:\/\/www.adavaveiro.org\/index.php?rest_route=\/wp\/v2\/posts\/3606\/revisions"}],"predecessor-version":[{"id":3608,"href":"https:\/\/www.adavaveiro.org\/index.php?rest_route=\/wp\/v2\/posts\/3606\/revisions\/3608"}],"wp:attachment":[{"href":"https:\/\/www.adavaveiro.org\/index.php?rest_route=%2Fwp%2Fv2%2Fmedia&parent=3606"}],"wp:term":[{"taxonomy":"category","embeddable":true,"href":"https:\/\/www.adavaveiro.org\/index.php?rest_route=%2Fwp%2Fv2%2Fcategories&post=3606"},{"taxonomy":"post_tag","embeddable":true,"href":"https:\/\/www.adavaveiro.org\/index.php?rest_route=%2Fwp%2Fv2%2Ftags&post=3606"}],"curies":[{"name":"wp","href":"https:\/\/api.w.org\/{rel}","templated":true}]}}