{"id":3618,"date":"2019-07-16T09:55:55","date_gmt":"2019-07-16T09:55:55","guid":{"rendered":"http:\/\/www.adavaveiro.org\/?p=3618"},"modified":"2021-12-20T10:53:14","modified_gmt":"2021-12-20T10:53:14","slug":"campanha-t2-t3-t4-t5","status":"publish","type":"post","link":"https:\/\/www.adavaveiro.org\/?p=3618","title":{"rendered":"CAMPANHA T2, T3, T4, T5"},"content":{"rendered":"\n<figure class=\"wp-block-image\"><img loading=\"lazy\" decoding=\"async\" width=\"1024\" height=\"415\" src=\"http:\/\/www.adavaveiro.org\/wp-content\/uploads\/2019\/07\/fraldas_1-1024x415.jpg\" alt=\"\" class=\"wp-image-3619\" srcset=\"https:\/\/www.adavaveiro.org\/wp-content\/uploads\/2019\/07\/fraldas_1-1024x415.jpg 1024w, https:\/\/www.adavaveiro.org\/wp-content\/uploads\/2019\/07\/fraldas_1-260x105.jpg 260w, https:\/\/www.adavaveiro.org\/wp-content\/uploads\/2019\/07\/fraldas_1-300x122.jpg 300w, https:\/\/www.adavaveiro.org\/wp-content\/uploads\/2019\/07\/fraldas_1-768x311.jpg 768w, https:\/\/www.adavaveiro.org\/wp-content\/uploads\/2019\/07\/fraldas_1-500x203.jpg 500w, https:\/\/www.adavaveiro.org\/wp-content\/uploads\/2019\/07\/fraldas_1.jpg 1800w\" sizes=\"auto, (max-width: 1024px) 100vw, 1024px\" \/><figcaption><strong>DESAFIO: antes de ir de f\u00e9rias, passe na sede da ADAV Aveiro e entregue um pacote de fraldas (T2, T3, T4 ou T5). Porqu\u00ea? Estamos a ajudar muitas m\u00e3es e as crian\u00e7as est\u00e3o a crescer! Atualmente, apoiamos tamb\u00e9m 11 gr\u00e1vidas.&nbsp;<br>Sabe onde \u00e9 a nossa sede? MERCADO DE SANTIAGO, 1.\u00ba andar. Todos os dias na hora de expediente, aguardamos por si! OBRIGADA!!! <\/strong><\/figcaption><\/figure>\n","protected":false},"excerpt":{"rendered":"","protected":false},"author":1,"featured_media":0,"comment_status":"closed","ping_status":"closed","sticky":false,"template":"","format":"standard","meta":{"footnotes":""},"categories":[13],"tags":[],"class_list":["post-3618","post","type-post","status-publish","format-standard","hentry","category-colaborar"],"_links":{"self":[{"href":"https:\/\/www.adavaveiro.org\/index.php?rest_route=\/wp\/v2\/posts\/3618","targetHints":{"allow":["GET"]}}],"collection":[{"href":"https:\/\/www.adavaveiro.org\/index.php?rest_route=\/wp\/v2\/posts"}],"about":[{"href":"https:\/\/www.adavaveiro.org\/index.php?rest_route=\/wp\/v2\/types\/post"}],"author":[{"embeddable":true,"href":"https:\/\/www.adavaveiro.org\/index.php?rest_route=\/wp\/v2\/users\/1"}],"replies":[{"embeddable":true,"href":"https:\/\/www.adavaveiro.org\/index.php?rest_route=%2Fwp%2Fv2%2Fcomments&post=3618"}],"version-history":[{"count":4,"href":"https:\/\/www.adavaveiro.org\/index.php?rest_route=\/wp\/v2\/posts\/3618\/revisions"}],"predecessor-version":[{"id":3858,"href":"https:\/\/www.adavaveiro.org\/index.php?rest_route=\/wp\/v2\/posts\/3618\/revisions\/3858"}],"wp:attachment":[{"href":"https:\/\/www.adavaveiro.org\/index.php?rest_route=%2Fwp%2Fv2%2Fmedia&parent=3618"}],"wp:term":[{"taxonomy":"category","embeddable":true,"href":"https:\/\/www.adavaveiro.org\/index.php?rest_route=%2Fwp%2Fv2%2Fcategories&post=3618"},{"taxonomy":"post_tag","embeddable":true,"href":"https:\/\/www.adavaveiro.org\/index.php?rest_route=%2Fwp%2Fv2%2Ftags&post=3618"}],"curies":[{"name":"wp","href":"https:\/\/api.w.org\/{rel}","templated":true}]}}