{"id":375,"date":"2010-06-23T13:24:01","date_gmt":"2010-06-23T13:24:01","guid":{"rendered":"http:\/\/www.adavaveiro.org\/?p=375"},"modified":"2010-06-23T13:34:47","modified_gmt":"2010-06-23T13:34:47","slug":"contra-o-aborto-no-luxemburgo","status":"publish","type":"post","link":"https:\/\/www.adavaveiro.org\/?p=375","title":{"rendered":"contra o Aborto no Luxemburgo"},"content":{"rendered":"<p style=\"text-align: center;\"><span style=\"color: #000000;\"><a rel=\"attachment wp-att-383\" href=\"http:\/\/www.adavaveiro.org\/?attachment_id=383\"><\/a><\/span><\/p>\n<p style=\"text-align: center;\"><span style=\"color: #000000;\"><a href=\"http:\/\/www.adavaveiro.org\/?attachment_id=383\"><\/a><\/span><\/p>\n<p><span style=\"color: #000000;\"><a rel=\"attachment wp-att-383\" href=\"http:\/\/www.adavaveiro.org\/?attachment_id=383\"><img loading=\"lazy\" decoding=\"async\" class=\"aligncenter size-thumbnail wp-image-383\" title=\"sosvita_Luxemburgo\" src=\"http:\/\/www.adavaveiro.org\/wp-content\/uploads\/sosvita_Luxemburgo1-250x165.jpg\" alt=\"\" width=\"250\" height=\"165\" srcset=\"https:\/\/www.adavaveiro.org\/wp-content\/uploads\/sosvita_Luxemburgo1-250x165.jpg 250w, https:\/\/www.adavaveiro.org\/wp-content\/uploads\/sosvita_Luxemburgo1.jpg 251w\" sizes=\"auto, (max-width: 250px) 100vw, 250px\" \/><\/a>No Luxemburgo, prepara-se uma altera\u00e7\u00e3o \u00e0 Lei que diz respeito ao aborto, com\u00a0a introdu\u00e7\u00e3o de uma \u201cindica\u00e7\u00e3o social\u201d, que n\u00e3o \u00e9 nada mais \u00e9 do que um Aborto a Pedido, deixando assim as crian\u00e7as nascituras inteiramente desprotegidas.\u00a0<\/span><\/p>\n<p>Se quiser manifestar a sua oposi\u00e7\u00e3o a esta altera\u00e7\u00e3o,\u00a0envie uma carta aos Deputados Luxemburgueses, em<\/p>\n<p><a href=\"http:\/\/www.sosvita.org\/?lang=pt-pt\">http:\/\/www.sosvita.org\/?lang=pt-pt<\/a><\/p>\n","protected":false},"excerpt":{"rendered":"<p>No Luxemburgo, prepara-se uma altera\u00e7\u00e3o \u00e0 Lei que diz respeito ao aborto, com\u00a0a introdu\u00e7\u00e3o de uma \u201cindica\u00e7\u00e3o social\u201d, que n\u00e3o \u00e9 nada mais \u00e9 do que um Aborto a Pedido, deixando assim as crian\u00e7as nascituras inteiramente desprotegidas.\u00a0 Se quiser manifestar &hellip; <a href=\"https:\/\/www.adavaveiro.org\/?p=375\">Continuar a ler <span class=\"meta-nav\">&rarr;<\/span><\/a><\/p>\n","protected":false},"author":1,"featured_media":0,"comment_status":"closed","ping_status":"closed","sticky":false,"template":"","format":"standard","meta":{"footnotes":""},"categories":[9],"tags":[],"class_list":["post-375","post","type-post","status-publish","format-standard","hentry","category-refletir"],"_links":{"self":[{"href":"https:\/\/www.adavaveiro.org\/index.php?rest_route=\/wp\/v2\/posts\/375","targetHints":{"allow":["GET"]}}],"collection":[{"href":"https:\/\/www.adavaveiro.org\/index.php?rest_route=\/wp\/v2\/posts"}],"about":[{"href":"https:\/\/www.adavaveiro.org\/index.php?rest_route=\/wp\/v2\/types\/post"}],"author":[{"embeddable":true,"href":"https:\/\/www.adavaveiro.org\/index.php?rest_route=\/wp\/v2\/users\/1"}],"replies":[{"embeddable":true,"href":"https:\/\/www.adavaveiro.org\/index.php?rest_route=%2Fwp%2Fv2%2Fcomments&post=375"}],"version-history":[{"count":18,"href":"https:\/\/www.adavaveiro.org\/index.php?rest_route=\/wp\/v2\/posts\/375\/revisions"}],"predecessor-version":[{"id":395,"href":"https:\/\/www.adavaveiro.org\/index.php?rest_route=\/wp\/v2\/posts\/375\/revisions\/395"}],"wp:attachment":[{"href":"https:\/\/www.adavaveiro.org\/index.php?rest_route=%2Fwp%2Fv2%2Fmedia&parent=375"}],"wp:term":[{"taxonomy":"category","embeddable":true,"href":"https:\/\/www.adavaveiro.org\/index.php?rest_route=%2Fwp%2Fv2%2Fcategories&post=375"},{"taxonomy":"post_tag","embeddable":true,"href":"https:\/\/www.adavaveiro.org\/index.php?rest_route=%2Fwp%2Fv2%2Ftags&post=375"}],"curies":[{"name":"wp","href":"https:\/\/api.w.org\/{rel}","templated":true}]}}