{"id":3903,"date":"2022-01-17T17:32:08","date_gmt":"2022-01-17T17:32:08","guid":{"rendered":"http:\/\/www.adavaveiro.org\/?p=3903"},"modified":"2022-01-17T19:45:53","modified_gmt":"2022-01-17T19:45:53","slug":"nocoes-gerais-recem-nascido-e-bebe","status":"publish","type":"post","link":"https:\/\/www.adavaveiro.org\/?p=3903","title":{"rendered":"No\u00e7\u00f5es Gerais: Rec\u00e9m-Nascido e Beb\u00e9"},"content":{"rendered":"\n<figure class=\"wp-block-image size-full\"><img loading=\"lazy\" decoding=\"async\" width=\"1024\" height=\"726\" src=\"http:\/\/www.adavaveiro.org\/wp-content\/uploads\/2022\/01\/2022-01-17-adav-curso-01.jpg\" alt=\"\" class=\"wp-image-3904\" srcset=\"https:\/\/www.adavaveiro.org\/wp-content\/uploads\/2022\/01\/2022-01-17-adav-curso-01.jpg 1024w, https:\/\/www.adavaveiro.org\/wp-content\/uploads\/2022\/01\/2022-01-17-adav-curso-01-300x213.jpg 300w, https:\/\/www.adavaveiro.org\/wp-content\/uploads\/2022\/01\/2022-01-17-adav-curso-01-260x184.jpg 260w, https:\/\/www.adavaveiro.org\/wp-content\/uploads\/2022\/01\/2022-01-17-adav-curso-01-768x545.jpg 768w, https:\/\/www.adavaveiro.org\/wp-content\/uploads\/2022\/01\/2022-01-17-adav-curso-01-423x300.jpg 423w\" sizes=\"auto, (max-width: 1024px) 100vw, 1024px\" \/><\/figure>\n\n\n\n<h1 class=\"wp-block-heading\">Plano de Sess\u00e3o<\/h1>\n\n\n\n<h2 class=\"wp-block-heading\">Tempo previsto: 30 minutos<\/h2>\n\n\n\n<p>&#8211; Acompanhamento + PNV<br>&#8211; Amamenta\u00e7\u00e3o<br>&#8211; Dados curiosos<br>&#8211; Emerg\u00eancia em contexto pedi\u00e1trico e neonatal<\/p>\n\n\n\n<p><\/p>\n\n\n\n<h1 class=\"wp-block-heading\">Acompanhamento<\/h1>\n\n\n\n<div class=\"wp-block-columns is-layout-flex wp-container-core-columns-is-layout-9d6595d7 wp-block-columns-is-layout-flex\">\n<div class=\"wp-block-column is-layout-flow wp-block-column-is-layout-flow\" style=\"flex-basis:66.66%\">\n<p>3.\u00ba e 6.\u00ba dia-\u00bb Teste do pezinho<br>1.\u00aa consulta entre o 10.\u00ba e o 15.\u00ba dia<br>2.\u00ba\/4.\u00ba\/6.\u00ba\/9.\u00ba\/12.\u00ba\/15.\u00ba\/18.\u00ba\/24.\u00ba meses<br>A partir dos 2 anos de idade -\u00bb consultas anuais at\u00e9 aos 6 anos de idade<br>A partir dos 6 anos de idade de 2 em 2 anos at\u00e9 aos 12 anos de idade<br>Dos 12 anos de idade de 3 em 3 anos at\u00e9 atingir a maioridade <\/p>\n<\/div>\n\n\n\n<div class=\"wp-block-column is-layout-flow wp-block-column-is-layout-flow\" style=\"flex-basis:33.33%\">\n<figure class=\"wp-block-image size-full\"><img loading=\"lazy\" decoding=\"async\" width=\"309\" height=\"341\" src=\"http:\/\/www.adavaveiro.org\/wp-content\/uploads\/2022\/01\/imagem.png\" alt=\"\" class=\"wp-image-3906\" srcset=\"https:\/\/www.adavaveiro.org\/wp-content\/uploads\/2022\/01\/imagem.png 309w, https:\/\/www.adavaveiro.org\/wp-content\/uploads\/2022\/01\/imagem-272x300.png 272w, https:\/\/www.adavaveiro.org\/wp-content\/uploads\/2022\/01\/imagem-236x260.png 236w\" sizes=\"auto, (max-width: 309px) 100vw, 309px\" \/><\/figure>\n<\/div>\n<\/div>\n\n\n\n<p><\/p>\n\n\n\n<h1 class=\"wp-block-heading\">Plano Nacional de Vacina\u00e7\u00e3o<\/h1>\n\n\n\n<figure class=\"wp-block-image size-full\"><img loading=\"lazy\" decoding=\"async\" width=\"697\" height=\"466\" src=\"http:\/\/www.adavaveiro.org\/wp-content\/uploads\/2022\/01\/imageM-03.png\" alt=\"\" class=\"wp-image-3905\" srcset=\"https:\/\/www.adavaveiro.org\/wp-content\/uploads\/2022\/01\/imageM-03.png 697w, https:\/\/www.adavaveiro.org\/wp-content\/uploads\/2022\/01\/imageM-03-300x201.png 300w, https:\/\/www.adavaveiro.org\/wp-content\/uploads\/2022\/01\/imageM-03-260x174.png 260w, https:\/\/www.adavaveiro.org\/wp-content\/uploads\/2022\/01\/imageM-03-449x300.png 449w\" sizes=\"auto, (max-width: 697px) 100vw, 697px\" \/><\/figure>\n\n\n\n<div style=\"height:41px\" aria-hidden=\"true\" class=\"wp-block-spacer\"><\/div>\n\n\n\n<hr class=\"wp-block-separator\"\/>\n\n\n\n<h1 class=\"wp-block-heading\">Amamenta\u00e7\u00e3o<\/h1>\n\n\n\n<div class=\"wp-block-columns is-layout-flex wp-container-core-columns-is-layout-9d6595d7 wp-block-columns-is-layout-flex\">\n<div class=\"wp-block-column is-layout-flow wp-block-column-is-layout-flow\">\n<p>&#8211; Aumenta conex\u00e3o<br>&#8211; Reduz c\u00f3licas<br>&#8211; Fortalece o sistema imunit\u00e1rio <\/p>\n<\/div>\n\n\n\n<div class=\"wp-block-column is-layout-flow wp-block-column-is-layout-flow\">\n<figure class=\"wp-block-image size-full\"><img loading=\"lazy\" decoding=\"async\" width=\"1000\" height=\"667\" src=\"http:\/\/www.adavaveiro.org\/wp-content\/uploads\/2022\/01\/IMAGEM-04.jpg\" alt=\"\" class=\"wp-image-3911\" srcset=\"https:\/\/www.adavaveiro.org\/wp-content\/uploads\/2022\/01\/IMAGEM-04.jpg 1000w, https:\/\/www.adavaveiro.org\/wp-content\/uploads\/2022\/01\/IMAGEM-04-300x200.jpg 300w, https:\/\/www.adavaveiro.org\/wp-content\/uploads\/2022\/01\/IMAGEM-04-260x173.jpg 260w, https:\/\/www.adavaveiro.org\/wp-content\/uploads\/2022\/01\/IMAGEM-04-768x512.jpg 768w, https:\/\/www.adavaveiro.org\/wp-content\/uploads\/2022\/01\/IMAGEM-04-450x300.jpg 450w\" sizes=\"auto, (max-width: 1000px) 100vw, 1000px\" \/><\/figure>\n<\/div>\n<\/div>\n\n\n\n<div class=\"wp-block-columns is-layout-flex wp-container-core-columns-is-layout-9d6595d7 wp-block-columns-is-layout-flex\">\n<div class=\"wp-block-column is-layout-flow wp-block-column-is-layout-flow\">\n<p>Pelo menos at\u00e9 aos 6 meses, podendo prolongar-se at\u00e9 aos 2 anos. <\/p>\n<\/div>\n\n\n\n<div class=\"wp-block-column is-layout-flow wp-block-column-is-layout-flow\">\n<figure class=\"wp-block-image size-full\"><img loading=\"lazy\" decoding=\"async\" width=\"275\" height=\"183\" src=\"http:\/\/www.adavaveiro.org\/wp-content\/uploads\/2022\/01\/IMAGEM-05.jpg\" alt=\"\" class=\"wp-image-3912\" srcset=\"https:\/\/www.adavaveiro.org\/wp-content\/uploads\/2022\/01\/IMAGEM-05.jpg 275w, https:\/\/www.adavaveiro.org\/wp-content\/uploads\/2022\/01\/IMAGEM-05-260x173.jpg 260w\" sizes=\"auto, (max-width: 275px) 100vw, 275px\" \/><\/figure>\n<\/div>\n<\/div>\n\n\n\n<div style=\"height:21px\" aria-hidden=\"true\" class=\"wp-block-spacer\"><\/div>\n\n\n\n<h2 class=\"wp-block-heading\">Passo 1: perceber quando o beb\u00e9 est\u00e1 com fome<\/h2>\n\n\n\n<figure class=\"wp-block-image size-full\"><img loading=\"lazy\" decoding=\"async\" width=\"720\" height=\"396\" src=\"http:\/\/www.adavaveiro.org\/wp-content\/uploads\/2022\/01\/imagem-06.png\" alt=\"\" class=\"wp-image-3913\" srcset=\"https:\/\/www.adavaveiro.org\/wp-content\/uploads\/2022\/01\/imagem-06.png 720w, https:\/\/www.adavaveiro.org\/wp-content\/uploads\/2022\/01\/imagem-06-300x165.png 300w, https:\/\/www.adavaveiro.org\/wp-content\/uploads\/2022\/01\/imagem-06-260x143.png 260w, https:\/\/www.adavaveiro.org\/wp-content\/uploads\/2022\/01\/imagem-06-500x275.png 500w\" sizes=\"auto, (max-width: 720px) 100vw, 720px\" \/><\/figure>\n\n\n\n<div style=\"height:49px\" aria-hidden=\"true\" class=\"wp-block-spacer\"><\/div>\n\n\n\n<h2 class=\"wp-block-heading\">Passo 2: adotar uma posi\u00e7\u00e3o confort\u00e1vel e colocar o beb\u00e9 no peito<\/h2>\n\n\n\n<div class=\"wp-block-columns is-layout-flex wp-container-core-columns-is-layout-9d6595d7 wp-block-columns-is-layout-flex\">\n<div class=\"wp-block-column is-layout-flow wp-block-column-is-layout-flow\">\n<figure class=\"wp-block-image size-full\"><img loading=\"lazy\" decoding=\"async\" width=\"300\" height=\"199\" src=\"http:\/\/www.adavaveiro.org\/wp-content\/uploads\/2022\/01\/IMAGEM-07.jpg\" alt=\"\" class=\"wp-image-3914\" srcset=\"https:\/\/www.adavaveiro.org\/wp-content\/uploads\/2022\/01\/IMAGEM-07.jpg 300w, https:\/\/www.adavaveiro.org\/wp-content\/uploads\/2022\/01\/IMAGEM-07-260x172.jpg 260w\" sizes=\"auto, (max-width: 300px) 100vw, 300px\" \/><\/figure>\n<\/div>\n\n\n\n<div class=\"wp-block-column is-layout-flow wp-block-column-is-layout-flow\">\n<figure class=\"wp-block-image size-full\"><img loading=\"lazy\" decoding=\"async\" width=\"512\" height=\"468\" src=\"http:\/\/www.adavaveiro.org\/wp-content\/uploads\/2022\/01\/IMAGEM-08.jpg\" alt=\"\" class=\"wp-image-3915\" srcset=\"https:\/\/www.adavaveiro.org\/wp-content\/uploads\/2022\/01\/IMAGEM-08.jpg 512w, https:\/\/www.adavaveiro.org\/wp-content\/uploads\/2022\/01\/IMAGEM-08-300x274.jpg 300w, https:\/\/www.adavaveiro.org\/wp-content\/uploads\/2022\/01\/IMAGEM-08-260x238.jpg 260w, https:\/\/www.adavaveiro.org\/wp-content\/uploads\/2022\/01\/IMAGEM-08-328x300.jpg 328w\" sizes=\"auto, (max-width: 512px) 100vw, 512px\" \/><\/figure>\n<\/div>\n<\/div>\n\n\n\n<div style=\"height:45px\" aria-hidden=\"true\" class=\"wp-block-spacer\"><\/div>\n\n\n\n<h2 class=\"wp-block-heading\">Passo 3: observar se o beb\u00e9 est\u00e1 a mamar bem (pega correta)<\/h2>\n\n\n\n<figure class=\"wp-block-image size-full\"><img loading=\"lazy\" decoding=\"async\" width=\"609\" height=\"444\" src=\"http:\/\/www.adavaveiro.org\/wp-content\/uploads\/2022\/01\/imageM-10.png\" alt=\"\" class=\"wp-image-3910\" srcset=\"https:\/\/www.adavaveiro.org\/wp-content\/uploads\/2022\/01\/imageM-10.png 609w, https:\/\/www.adavaveiro.org\/wp-content\/uploads\/2022\/01\/imageM-10-300x219.png 300w, https:\/\/www.adavaveiro.org\/wp-content\/uploads\/2022\/01\/imageM-10-260x190.png 260w, https:\/\/www.adavaveiro.org\/wp-content\/uploads\/2022\/01\/imageM-10-411x300.png 411w\" sizes=\"auto, (max-width: 609px) 100vw, 609px\" \/><\/figure>\n\n\n\n<div style=\"height:42px\" aria-hidden=\"true\" class=\"wp-block-spacer\"><\/div>\n\n\n\n<h2 class=\"wp-block-heading\">Passo 4: identificar se o beb\u00e9 mamou o suficiente<\/h2>\n\n\n\n<div class=\"wp-block-columns is-layout-flex wp-container-core-columns-is-layout-9d6595d7 wp-block-columns-is-layout-flex\">\n<div class=\"wp-block-column is-layout-flow wp-block-column-is-layout-flow\">\n<figure class=\"wp-block-image size-full\"><img loading=\"lazy\" decoding=\"async\" width=\"251\" height=\"201\" src=\"http:\/\/www.adavaveiro.org\/wp-content\/uploads\/2022\/01\/IMAGEM-09.jpg\" alt=\"\" class=\"wp-image-3921\"\/><\/figure>\n<\/div>\n\n\n\n<div class=\"wp-block-column is-layout-flow wp-block-column-is-layout-flow\">\n<figure class=\"wp-block-image size-full\"><img loading=\"lazy\" decoding=\"async\" width=\"1000\" height=\"1000\" src=\"http:\/\/www.adavaveiro.org\/wp-content\/uploads\/2022\/01\/IMAGEM-10.jpg\" alt=\"\" class=\"wp-image-3922\" srcset=\"https:\/\/www.adavaveiro.org\/wp-content\/uploads\/2022\/01\/IMAGEM-10.jpg 1000w, https:\/\/www.adavaveiro.org\/wp-content\/uploads\/2022\/01\/IMAGEM-10-300x300.jpg 300w, https:\/\/www.adavaveiro.org\/wp-content\/uploads\/2022\/01\/IMAGEM-10-260x260.jpg 260w, https:\/\/www.adavaveiro.org\/wp-content\/uploads\/2022\/01\/IMAGEM-10-768x768.jpg 768w\" sizes=\"auto, (max-width: 1000px) 100vw, 1000px\" \/><\/figure>\n<\/div>\n<\/div>\n\n\n\n<h2 class=\"wp-block-heading\">Passo 5: retirar o beb\u00e9 da mama e p\u00f4r o beb\u00e9 a arrotar<\/h2>\n\n\n\n<figure class=\"wp-block-image size-full\"><img loading=\"lazy\" decoding=\"async\" width=\"275\" height=\"183\" src=\"http:\/\/www.adavaveiro.org\/wp-content\/uploads\/2022\/01\/IMAGEM-11.jpg\" alt=\"\" class=\"wp-image-3923\" srcset=\"https:\/\/www.adavaveiro.org\/wp-content\/uploads\/2022\/01\/IMAGEM-11.jpg 275w, https:\/\/www.adavaveiro.org\/wp-content\/uploads\/2022\/01\/IMAGEM-11-260x173.jpg 260w\" sizes=\"auto, (max-width: 275px) 100vw, 275px\" \/><\/figure>\n\n\n\n<div style=\"height:24px\" aria-hidden=\"true\" class=\"wp-block-spacer\"><\/div>\n\n\n\n<hr class=\"wp-block-separator\"\/>\n\n\n\n<div style=\"height:43px\" aria-hidden=\"true\" class=\"wp-block-spacer\"><\/div>\n\n\n\n<h1 class=\"wp-block-heading\">C\u00f3licas<\/h1>\n\n\n\n<div class=\"wp-block-columns is-layout-flex wp-container-core-columns-is-layout-9d6595d7 wp-block-columns-is-layout-flex\">\n<div class=\"wp-block-column is-layout-flow wp-block-column-is-layout-flow\">\n<figure class=\"wp-block-image size-full\"><img loading=\"lazy\" decoding=\"async\" width=\"980\" height=\"536\" src=\"http:\/\/www.adavaveiro.org\/wp-content\/uploads\/2022\/01\/IMAGEM-12.jpg\" alt=\"\" class=\"wp-image-3924\" srcset=\"https:\/\/www.adavaveiro.org\/wp-content\/uploads\/2022\/01\/IMAGEM-12.jpg 980w, https:\/\/www.adavaveiro.org\/wp-content\/uploads\/2022\/01\/IMAGEM-12-300x164.jpg 300w, https:\/\/www.adavaveiro.org\/wp-content\/uploads\/2022\/01\/IMAGEM-12-260x142.jpg 260w, https:\/\/www.adavaveiro.org\/wp-content\/uploads\/2022\/01\/IMAGEM-12-768x420.jpg 768w, https:\/\/www.adavaveiro.org\/wp-content\/uploads\/2022\/01\/IMAGEM-12-500x273.jpg 500w\" sizes=\"auto, (max-width: 980px) 100vw, 980px\" \/><\/figure>\n<\/div>\n\n\n\n<div class=\"wp-block-column is-layout-flow wp-block-column-is-layout-flow\">\n<figure class=\"wp-block-image size-full\"><img loading=\"lazy\" decoding=\"async\" width=\"764\" height=\"400\" src=\"http:\/\/www.adavaveiro.org\/wp-content\/uploads\/2022\/01\/imageM-13.png\" alt=\"\" class=\"wp-image-3925\" srcset=\"https:\/\/www.adavaveiro.org\/wp-content\/uploads\/2022\/01\/imageM-13.png 764w, https:\/\/www.adavaveiro.org\/wp-content\/uploads\/2022\/01\/imageM-13-300x157.png 300w, https:\/\/www.adavaveiro.org\/wp-content\/uploads\/2022\/01\/imageM-13-260x136.png 260w, https:\/\/www.adavaveiro.org\/wp-content\/uploads\/2022\/01\/imageM-13-500x262.png 500w\" sizes=\"auto, (max-width: 764px) 100vw, 764px\" \/><\/figure>\n<\/div>\n\n\n\n<div class=\"wp-block-column is-layout-flow wp-block-column-is-layout-flow\">\n<figure class=\"wp-block-image size-full\"><img loading=\"lazy\" decoding=\"async\" width=\"200\" height=\"200\" src=\"http:\/\/www.adavaveiro.org\/wp-content\/uploads\/2022\/01\/IMAGEM-14.jpg\" alt=\"\" class=\"wp-image-3926\"\/><\/figure>\n<\/div>\n<\/div>\n\n\n\n<div style=\"height:43px\" aria-hidden=\"true\" class=\"wp-block-spacer\"><\/div>\n\n\n\n<hr class=\"wp-block-separator\"\/>\n\n\n\n<h2 class=\"wp-block-heading\">Dados curiosos sobre o RN<\/h2>\n\n\n\n<p>1- Os rec\u00e9m-nascidos t\u00eam um instinto natural de sobreviv\u00eancia debaixo de \u00e1gua<br>2 &#8211; Nascem com 300 ossos (+ 94)<br>3 &#8211; Duplicam o seu peso nos primeiros 5 meses e crescem entre 1-1.5 cm por m\u00eas<br>4 &#8211; Est\u00f4mago do tamanho de uma noz<br>5 &#8211; At\u00e9 aos 4 meses veem apenas a preto e branco<br>6 &#8211; At\u00e9 aos 4 meses as suas papilas gustativas s\u00f3 reconhecem o doce e o amargo<br>7 &#8211; Em m\u00e9dia dormem 5400 horas (225 dias) no primeiro ano, tirando 44 noites de sono aos pais<\/p>\n\n\n\n<p><\/p>\n\n\n\n<div style=\"height:23px\" aria-hidden=\"true\" class=\"wp-block-spacer\"><\/div>\n\n\n\n<h2 class=\"wp-block-heading\">Emerg\u00eancia em contexto pedi\u00e1trico (at\u00e9 1 ano)<\/h2>\n\n\n\n<p>Estas situa\u00e7\u00f5es podem ser desencadeadas por fatores externos, como \u00e9 o caso de engasgamento, ou fisiol\u00f3gicos, em que o beb\u00e9 ou RN tem uma paragem cardiorrespirat\u00f3ria por uma defici\u00eancia cong\u00e9nita cardiovascular n\u00e3o diagnosticada no per\u00edodo neonatal.<\/p>\n\n\n\n<hr class=\"wp-block-separator\"\/>\n\n\n\n<div style=\"height:30px\" aria-hidden=\"true\" class=\"wp-block-spacer\"><\/div>\n\n\n\n<h1 class=\"wp-block-heading\">Engasgamento<\/h1>\n\n\n\n<figure class=\"wp-block-image size-full\"><img loading=\"lazy\" decoding=\"async\" width=\"880\" height=\"550\" src=\"http:\/\/www.adavaveiro.org\/wp-content\/uploads\/2022\/01\/IMAGEM-15.jpg\" alt=\"\" class=\"wp-image-3928\" srcset=\"https:\/\/www.adavaveiro.org\/wp-content\/uploads\/2022\/01\/IMAGEM-15.jpg 880w, https:\/\/www.adavaveiro.org\/wp-content\/uploads\/2022\/01\/IMAGEM-15-300x188.jpg 300w, https:\/\/www.adavaveiro.org\/wp-content\/uploads\/2022\/01\/IMAGEM-15-260x163.jpg 260w, https:\/\/www.adavaveiro.org\/wp-content\/uploads\/2022\/01\/IMAGEM-15-768x480.jpg 768w, https:\/\/www.adavaveiro.org\/wp-content\/uploads\/2022\/01\/IMAGEM-15-480x300.jpg 480w\" sizes=\"auto, (max-width: 880px) 100vw, 880px\" \/><\/figure>\n\n\n\n<p><\/p>\n\n\n\n<div style=\"height:59px\" aria-hidden=\"true\" class=\"wp-block-spacer\"><\/div>\n\n\n\n<h1 class=\"wp-block-heading\">FLUXOGRAMA<\/h1>\n\n\n\n<figure class=\"wp-block-image size-full\"><img loading=\"lazy\" decoding=\"async\" width=\"392\" height=\"324\" src=\"http:\/\/www.adavaveiro.org\/wp-content\/uploads\/2022\/01\/imageM-16.png\" alt=\"\" class=\"wp-image-3929\" srcset=\"https:\/\/www.adavaveiro.org\/wp-content\/uploads\/2022\/01\/imageM-16.png 392w, https:\/\/www.adavaveiro.org\/wp-content\/uploads\/2022\/01\/imageM-16-300x248.png 300w, https:\/\/www.adavaveiro.org\/wp-content\/uploads\/2022\/01\/imageM-16-260x215.png 260w, https:\/\/www.adavaveiro.org\/wp-content\/uploads\/2022\/01\/imageM-16-363x300.png 363w\" sizes=\"auto, (max-width: 392px) 100vw, 392px\" \/><\/figure>\n\n\n\n<div style=\"height:44px\" aria-hidden=\"true\" class=\"wp-block-spacer\"><\/div>\n\n\n\n<div class=\"wp-block-columns is-layout-flex wp-container-core-columns-is-layout-9d6595d7 wp-block-columns-is-layout-flex\">\n<div class=\"wp-block-column is-layout-flow wp-block-column-is-layout-flow\">\n<h2 class=\"wp-block-heading\">1.\u00ba Permeabilizar Via a\u00e9rea<\/h2>\n<\/div>\n\n\n\n<div class=\"wp-block-column is-layout-flow wp-block-column-is-layout-flow\">\n<h2 class=\"wp-block-heading\"> 2.\u00ba VOS: Ver ouvir e sentir <\/h2>\n<\/div>\n<\/div>\n\n\n\n<div class=\"wp-block-columns is-layout-flex wp-container-core-columns-is-layout-9d6595d7 wp-block-columns-is-layout-flex\">\n<div class=\"wp-block-column is-layout-flow wp-block-column-is-layout-flow\">\n<figure class=\"wp-block-image size-full\"><img loading=\"lazy\" decoding=\"async\" width=\"186\" height=\"271\" src=\"http:\/\/www.adavaveiro.org\/wp-content\/uploads\/2022\/01\/IMAGEM-18.jpg\" alt=\"\" class=\"wp-image-3934\" srcset=\"https:\/\/www.adavaveiro.org\/wp-content\/uploads\/2022\/01\/IMAGEM-18.jpg 186w, https:\/\/www.adavaveiro.org\/wp-content\/uploads\/2022\/01\/IMAGEM-18-178x260.jpg 178w\" sizes=\"auto, (max-width: 186px) 100vw, 186px\" \/><\/figure>\n<\/div>\n\n\n\n<div class=\"wp-block-column is-layout-flow wp-block-column-is-layout-flow\">\n<figure class=\"wp-block-image size-full\"><img loading=\"lazy\" decoding=\"async\" width=\"228\" height=\"221\" src=\"http:\/\/www.adavaveiro.org\/wp-content\/uploads\/2022\/01\/IMAGEM-19.jpg\" alt=\"\" class=\"wp-image-3935\"\/><\/figure>\n<\/div>\n<\/div>\n\n\n\n<div style=\"height:64px\" aria-hidden=\"true\" class=\"wp-block-spacer\"><\/div>\n\n\n\n<div class=\"wp-block-columns is-layout-flex wp-container-core-columns-is-layout-9d6595d7 wp-block-columns-is-layout-flex\">\n<div class=\"wp-block-column is-layout-flow wp-block-column-is-layout-flow\">\n<h2 class=\"wp-block-heading\">3.\u00ba 5 Insufla\u00e7\u00f5es iniciais<\/h2>\n<\/div>\n\n\n\n<div class=\"wp-block-column is-layout-flow wp-block-column-is-layout-flow\">\n<h2 class=\"wp-block-heading\">4.\u00ba Pesquisar sinais de vida<\/h2>\n<\/div>\n<\/div>\n\n\n\n<div class=\"wp-block-columns is-layout-flex wp-container-core-columns-is-layout-9d6595d7 wp-block-columns-is-layout-flex\">\n<div class=\"wp-block-column is-layout-flow wp-block-column-is-layout-flow\">\n<figure class=\"wp-block-image size-full\"><img loading=\"lazy\" decoding=\"async\" width=\"286\" height=\"176\" src=\"http:\/\/www.adavaveiro.org\/wp-content\/uploads\/2022\/01\/IMAGEM-20.jpg\" alt=\"\" class=\"wp-image-3938\" srcset=\"https:\/\/www.adavaveiro.org\/wp-content\/uploads\/2022\/01\/IMAGEM-20.jpg 286w, https:\/\/www.adavaveiro.org\/wp-content\/uploads\/2022\/01\/IMAGEM-20-260x160.jpg 260w\" sizes=\"auto, (max-width: 286px) 100vw, 286px\" \/><\/figure>\n<\/div>\n\n\n\n<div class=\"wp-block-column is-layout-flow wp-block-column-is-layout-flow\">\n<figure class=\"wp-block-image size-full\"><img loading=\"lazy\" decoding=\"async\" width=\"564\" height=\"455\" src=\"http:\/\/www.adavaveiro.org\/wp-content\/uploads\/2022\/01\/imageM-21.png\" alt=\"\" class=\"wp-image-3939\" srcset=\"https:\/\/www.adavaveiro.org\/wp-content\/uploads\/2022\/01\/imageM-21.png 564w, https:\/\/www.adavaveiro.org\/wp-content\/uploads\/2022\/01\/imageM-21-300x242.png 300w, https:\/\/www.adavaveiro.org\/wp-content\/uploads\/2022\/01\/imageM-21-260x210.png 260w, https:\/\/www.adavaveiro.org\/wp-content\/uploads\/2022\/01\/imageM-21-372x300.png 372w\" sizes=\"auto, (max-width: 564px) 100vw, 564px\" \/><\/figure>\n<\/div>\n<\/div>\n\n\n\n<div style=\"height:61px\" aria-hidden=\"true\" class=\"wp-block-spacer\"><\/div>\n\n\n\n<h2 class=\"wp-block-heading\">Algoritmo SBV (15:2)<\/h2>\n\n\n\n<figure class=\"wp-block-image size-full is-resized\"><img loading=\"lazy\" decoding=\"async\" src=\"http:\/\/www.adavaveiro.org\/wp-content\/uploads\/2022\/01\/IMAGEM-111.jpg\" alt=\"\" class=\"wp-image-3930\" width=\"703\" height=\"290\" srcset=\"https:\/\/www.adavaveiro.org\/wp-content\/uploads\/2022\/01\/IMAGEM-111.jpg 1025w, https:\/\/www.adavaveiro.org\/wp-content\/uploads\/2022\/01\/IMAGEM-111-300x124.jpg 300w, https:\/\/www.adavaveiro.org\/wp-content\/uploads\/2022\/01\/IMAGEM-111-260x107.jpg 260w, https:\/\/www.adavaveiro.org\/wp-content\/uploads\/2022\/01\/IMAGEM-111-768x317.jpg 768w, https:\/\/www.adavaveiro.org\/wp-content\/uploads\/2022\/01\/IMAGEM-111-500x206.jpg 500w\" sizes=\"auto, (max-width: 703px) 100vw, 703px\" \/><\/figure>\n\n\n\n<div style=\"height:42px\" aria-hidden=\"true\" class=\"wp-block-spacer\"><\/div>\n\n\n\n<h2 class=\"wp-block-heading\">AT\u00c9\u2026<\/h2>\n\n\n\n<div class=\"wp-block-columns is-layout-flex wp-container-core-columns-is-layout-9d6595d7 wp-block-columns-is-layout-flex\">\n<div class=\"wp-block-column is-layout-flow wp-block-column-is-layout-flow\">\n<figure class=\"wp-block-image size-full\"><img loading=\"lazy\" decoding=\"async\" width=\"1024\" height=\"580\" src=\"http:\/\/www.adavaveiro.org\/wp-content\/uploads\/2022\/01\/IMAGEM-24.jpg\" alt=\"\" class=\"wp-image-3941\" srcset=\"https:\/\/www.adavaveiro.org\/wp-content\/uploads\/2022\/01\/IMAGEM-24.jpg 1024w, https:\/\/www.adavaveiro.org\/wp-content\/uploads\/2022\/01\/IMAGEM-24-300x170.jpg 300w, https:\/\/www.adavaveiro.org\/wp-content\/uploads\/2022\/01\/IMAGEM-24-260x147.jpg 260w, https:\/\/www.adavaveiro.org\/wp-content\/uploads\/2022\/01\/IMAGEM-24-768x435.jpg 768w, https:\/\/www.adavaveiro.org\/wp-content\/uploads\/2022\/01\/IMAGEM-24-500x283.jpg 500w\" sizes=\"auto, (max-width: 1024px) 100vw, 1024px\" \/><\/figure>\n<\/div>\n\n\n\n<div class=\"wp-block-column is-layout-flow wp-block-column-is-layout-flow\">\n<figure class=\"wp-block-image size-full\"><img loading=\"lazy\" decoding=\"async\" width=\"780\" height=\"450\" src=\"http:\/\/www.adavaveiro.org\/wp-content\/uploads\/2022\/01\/IMAGEM-25.jpg\" alt=\"\" class=\"wp-image-3942\" srcset=\"https:\/\/www.adavaveiro.org\/wp-content\/uploads\/2022\/01\/IMAGEM-25.jpg 780w, https:\/\/www.adavaveiro.org\/wp-content\/uploads\/2022\/01\/IMAGEM-25-300x173.jpg 300w, https:\/\/www.adavaveiro.org\/wp-content\/uploads\/2022\/01\/IMAGEM-25-260x150.jpg 260w, https:\/\/www.adavaveiro.org\/wp-content\/uploads\/2022\/01\/IMAGEM-25-768x443.jpg 768w, https:\/\/www.adavaveiro.org\/wp-content\/uploads\/2022\/01\/IMAGEM-25-500x288.jpg 500w\" sizes=\"auto, (max-width: 780px) 100vw, 780px\" \/><\/figure>\n<\/div>\n<\/div>\n\n\n\n<div style=\"height:100px\" aria-hidden=\"true\" class=\"wp-block-spacer\"><\/div>\n\n\n\n<h2 class=\"wp-block-heading\">\u201cAl\u00e9m de criar vida, a melhor coisa que um homem pode fazer \u00e9 salvar uma.\u201d<\/h2>\n\n\n\n<blockquote class=\"wp-block-quote is-layout-flow wp-block-quote-is-layout-flow\"><p>-Abraham Lincoln<\/p><\/blockquote>\n\n\n\n<div style=\"height:41px\" aria-hidden=\"true\" class=\"wp-block-spacer\"><\/div>\n\n\n\n<figure class=\"wp-block-image size-full\"><img loading=\"lazy\" decoding=\"async\" width=\"550\" height=\"770\" src=\"http:\/\/www.adavaveiro.org\/wp-content\/uploads\/2022\/01\/imageM-27.png\" alt=\"\" class=\"wp-image-3943\" srcset=\"https:\/\/www.adavaveiro.org\/wp-content\/uploads\/2022\/01\/imageM-27.png 550w, https:\/\/www.adavaveiro.org\/wp-content\/uploads\/2022\/01\/imageM-27-214x300.png 214w, https:\/\/www.adavaveiro.org\/wp-content\/uploads\/2022\/01\/imageM-27-186x260.png 186w\" sizes=\"auto, (max-width: 550px) 100vw, 550px\" \/><\/figure>\n\n\n\n<p><\/p>\n\n\n\n<p><\/p>\n\n\n\n<p><\/p>\n\n\n\n<p><\/p>\n","protected":false},"excerpt":{"rendered":"<p>Plano de Sess\u00e3o Tempo previsto: 30 minutos &#8211; Acompanhamento + PNV&#8211; Amamenta\u00e7\u00e3o&#8211; Dados curiosos&#8211; Emerg\u00eancia em contexto pedi\u00e1trico e neonatal Acompanhamento 3.\u00ba e 6.\u00ba dia-\u00bb Teste do pezinho1.\u00aa consulta entre o 10.\u00ba e o 15.\u00ba dia2.\u00ba\/4.\u00ba\/6.\u00ba\/9.\u00ba\/12.\u00ba\/15.\u00ba\/18.\u00ba\/24.\u00ba mesesA partir dos 2 &hellip; <a href=\"https:\/\/www.adavaveiro.org\/?p=3903\">Continuar a ler <span class=\"meta-nav\">&rarr;<\/span><\/a><\/p>\n","protected":false},"author":10,"featured_media":0,"comment_status":"closed","ping_status":"closed","sticky":false,"template":"","format":"standard","meta":{"footnotes":""},"categories":[24],"tags":[],"class_list":["post-3903","post","type-post","status-publish","format-standard","hentry","category-formacao"],"_links":{"self":[{"href":"https:\/\/www.adavaveiro.org\/index.php?rest_route=\/wp\/v2\/posts\/3903","targetHints":{"allow":["GET"]}}],"collection":[{"href":"https:\/\/www.adavaveiro.org\/index.php?rest_route=\/wp\/v2\/posts"}],"about":[{"href":"https:\/\/www.adavaveiro.org\/index.php?rest_route=\/wp\/v2\/types\/post"}],"author":[{"embeddable":true,"href":"https:\/\/www.adavaveiro.org\/index.php?rest_route=\/wp\/v2\/users\/10"}],"replies":[{"embeddable":true,"href":"https:\/\/www.adavaveiro.org\/index.php?rest_route=%2Fwp%2Fv2%2Fcomments&post=3903"}],"version-history":[{"count":16,"href":"https:\/\/www.adavaveiro.org\/index.php?rest_route=\/wp\/v2\/posts\/3903\/revisions"}],"predecessor-version":[{"id":3959,"href":"https:\/\/www.adavaveiro.org\/index.php?rest_route=\/wp\/v2\/posts\/3903\/revisions\/3959"}],"wp:attachment":[{"href":"https:\/\/www.adavaveiro.org\/index.php?rest_route=%2Fwp%2Fv2%2Fmedia&parent=3903"}],"wp:term":[{"taxonomy":"category","embeddable":true,"href":"https:\/\/www.adavaveiro.org\/index.php?rest_route=%2Fwp%2Fv2%2Fcategories&post=3903"},{"taxonomy":"post_tag","embeddable":true,"href":"https:\/\/www.adavaveiro.org\/index.php?rest_route=%2Fwp%2Fv2%2Ftags&post=3903"}],"curies":[{"name":"wp","href":"https:\/\/api.w.org\/{rel}","templated":true}]}}