{"id":3948,"date":"2022-02-02T19:47:50","date_gmt":"2022-02-02T19:47:50","guid":{"rendered":"http:\/\/www.adavaveiro.org\/?p=3948"},"modified":"2022-02-02T19:50:01","modified_gmt":"2022-02-02T19:50:01","slug":"amamentacao","status":"publish","type":"post","link":"https:\/\/www.adavaveiro.org\/?p=3948","title":{"rendered":"Amamenta\u00e7\u00e3o"},"content":{"rendered":"\n<p>Amamentar \u00e9 o ato em que a crian\u00e7a obt\u00e9m o leite materno atrav\u00e9s da suc\u00e7\u00e3o da mama da mulher, no entanto, apesar de quase todas as mulheres serem fisiologicamente dotadas para amamentar, esse potencial inato n\u00e3o assegura a ocorr\u00eancia da amamenta\u00e7\u00e3o. Assim, para que esta pr\u00e1tica tenha sucesso, \u00e9 fundamental que a mulher decida e se sinta motivada para amamentar, que se tenha estabelecido a lacta\u00e7\u00e3o e que a mulher obtenha o apoio\/suporte necess\u00e1rio, pelo menos at\u00e9 que a lacta\u00e7\u00e3o esteja perfeitamente estabelecida (Castro, 2013).<\/p>\n\n\n\n<p>Para que o ato de amamenta\u00e7\u00e3o ocorra de forma bem sucedida, \u00e9 importante ainda utilizar corretamente determinadas t\u00e9cnicas, que se podem observar na figura abaixo:<\/p>\n\n\n\n<figure class=\"wp-block-image size-full is-resized\"><img loading=\"lazy\" decoding=\"async\" src=\"http:\/\/www.adavaveiro.org\/wp-content\/uploads\/2022\/01\/imageM-10.png\" alt=\"\" class=\"wp-image-3910\" width=\"609\" height=\"444\" srcset=\"https:\/\/www.adavaveiro.org\/wp-content\/uploads\/2022\/01\/imageM-10.png 609w, https:\/\/www.adavaveiro.org\/wp-content\/uploads\/2022\/01\/imageM-10-300x219.png 300w, https:\/\/www.adavaveiro.org\/wp-content\/uploads\/2022\/01\/imageM-10-260x190.png 260w, https:\/\/www.adavaveiro.org\/wp-content\/uploads\/2022\/01\/imageM-10-411x300.png 411w\" sizes=\"auto, (max-width: 609px) 100vw, 609px\" \/><\/figure>\n\n\n\n<h2 class=\"wp-block-heading\"><strong>Emerg\u00eancia em contexto pedi\u00e1trico (at\u00e9 1 ano)<\/strong><\/h2>\n\n\n\n<p>Estas situa\u00e7\u00f5es podem ser desencadeadas por fatores externos, como \u00e9 o caso do engasgamento, ou fisiol\u00f3gicos, em que o beb\u00e9 ou RN tem uma paragem cardiorrespirat\u00f3ria por uma defici\u00eancia cong\u00e9nita cardiovascular n\u00e3o diagnosticada no per\u00edodo neonatal. Podem tamb\u00e9m ser causadas por hipoxia decorrida ap\u00f3s afogamento. <\/p>\n\n\n\n<h2 class=\"wp-block-heading\">Algoritmo de Suporte B\u00e1sico de Vida Pedi\u00e1trico<\/h2>\n\n\n\n<figure class=\"wp-block-image size-full\"><img loading=\"lazy\" decoding=\"async\" width=\"392\" height=\"324\" src=\"http:\/\/www.adavaveiro.org\/wp-content\/uploads\/2022\/01\/imageM-16.png\" alt=\"\" class=\"wp-image-3929\" srcset=\"https:\/\/www.adavaveiro.org\/wp-content\/uploads\/2022\/01\/imageM-16.png 392w, https:\/\/www.adavaveiro.org\/wp-content\/uploads\/2022\/01\/imageM-16-300x248.png 300w, https:\/\/www.adavaveiro.org\/wp-content\/uploads\/2022\/01\/imageM-16-260x215.png 260w, https:\/\/www.adavaveiro.org\/wp-content\/uploads\/2022\/01\/imageM-16-363x300.png 363w\" sizes=\"auto, (max-width: 392px) 100vw, 392px\" \/><\/figure>\n\n\n\n<div style=\"height:25px\" aria-hidden=\"true\" class=\"wp-block-spacer\"><\/div>\n\n\n\n<h2 class=\"wp-block-heading\">Ao percorrer o fluxograma&#8230;<\/h2>\n\n\n\n<p><strong>Se o beb\u00e9 estiver consciente:<br><\/strong>1.\u00ba &#8211; 5 pancadas escapulares<br>2.\u00ba &#8211; 5 compress\u00f5es tor\u00e1cicas<\/p>\n\n\n\n<figure class=\"wp-block-image size-full\"><img loading=\"lazy\" decoding=\"async\" width=\"880\" height=\"550\" src=\"http:\/\/www.adavaveiro.org\/wp-content\/uploads\/2022\/01\/IMAGEM-15.jpg\" alt=\"\" class=\"wp-image-3928\" srcset=\"https:\/\/www.adavaveiro.org\/wp-content\/uploads\/2022\/01\/IMAGEM-15.jpg 880w, https:\/\/www.adavaveiro.org\/wp-content\/uploads\/2022\/01\/IMAGEM-15-300x188.jpg 300w, https:\/\/www.adavaveiro.org\/wp-content\/uploads\/2022\/01\/IMAGEM-15-260x163.jpg 260w, https:\/\/www.adavaveiro.org\/wp-content\/uploads\/2022\/01\/IMAGEM-15-768x480.jpg 768w, https:\/\/www.adavaveiro.org\/wp-content\/uploads\/2022\/01\/IMAGEM-15-480x300.jpg 480w\" sizes=\"auto, (max-width: 880px) 100vw, 880px\" \/><\/figure>\n\n\n\n<div style=\"height:47px\" aria-hidden=\"true\" class=\"wp-block-spacer\"><\/div>\n\n\n\n<p><strong>Se beb\u00e9 estiver inconsciente:<\/strong><\/p>\n\n\n\n<figure class=\"wp-block-image size-full\"><img loading=\"lazy\" decoding=\"async\" width=\"1022\" height=\"473\" src=\"http:\/\/www.adavaveiro.org\/wp-content\/uploads\/2022\/01\/imageM-28.png\" alt=\"\" class=\"wp-image-3949\" srcset=\"https:\/\/www.adavaveiro.org\/wp-content\/uploads\/2022\/01\/imageM-28.png 1022w, https:\/\/www.adavaveiro.org\/wp-content\/uploads\/2022\/01\/imageM-28-300x139.png 300w, https:\/\/www.adavaveiro.org\/wp-content\/uploads\/2022\/01\/imageM-28-260x120.png 260w, https:\/\/www.adavaveiro.org\/wp-content\/uploads\/2022\/01\/imageM-28-768x355.png 768w, https:\/\/www.adavaveiro.org\/wp-content\/uploads\/2022\/01\/imageM-28-500x231.png 500w\" sizes=\"auto, (max-width: 1022px) 100vw, 1022px\" \/><\/figure>\n\n\n\n<div style=\"height:29px\" aria-hidden=\"true\" class=\"wp-block-spacer\"><\/div>\n\n\n\n<figure class=\"wp-block-image size-large\"><img loading=\"lazy\" decoding=\"async\" width=\"1024\" height=\"398\" src=\"http:\/\/www.adavaveiro.org\/wp-content\/uploads\/2022\/01\/imageM-29-1024x398.png\" alt=\"\" class=\"wp-image-3950\" srcset=\"https:\/\/www.adavaveiro.org\/wp-content\/uploads\/2022\/01\/imageM-29-1024x398.png 1024w, https:\/\/www.adavaveiro.org\/wp-content\/uploads\/2022\/01\/imageM-29-300x116.png 300w, https:\/\/www.adavaveiro.org\/wp-content\/uploads\/2022\/01\/imageM-29-260x101.png 260w, https:\/\/www.adavaveiro.org\/wp-content\/uploads\/2022\/01\/imageM-29-768x298.png 768w, https:\/\/www.adavaveiro.org\/wp-content\/uploads\/2022\/01\/imageM-29-500x194.png 500w, https:\/\/www.adavaveiro.org\/wp-content\/uploads\/2022\/01\/imageM-29.png 1141w\" sizes=\"auto, (max-width: 1024px) 100vw, 1024px\" \/><\/figure>\n\n\n\n<div style=\"height:70px\" aria-hidden=\"true\" class=\"wp-block-spacer\"><\/div>\n\n\n\n<figure class=\"wp-block-image size-full\"><img loading=\"lazy\" decoding=\"async\" width=\"1000\" height=\"581\" src=\"http:\/\/www.adavaveiro.org\/wp-content\/uploads\/2022\/01\/imageM-30.png\" alt=\"\" class=\"wp-image-3951\" srcset=\"https:\/\/www.adavaveiro.org\/wp-content\/uploads\/2022\/01\/imageM-30.png 1000w, https:\/\/www.adavaveiro.org\/wp-content\/uploads\/2022\/01\/imageM-30-300x174.png 300w, https:\/\/www.adavaveiro.org\/wp-content\/uploads\/2022\/01\/imageM-30-260x151.png 260w, https:\/\/www.adavaveiro.org\/wp-content\/uploads\/2022\/01\/imageM-30-768x446.png 768w, https:\/\/www.adavaveiro.org\/wp-content\/uploads\/2022\/01\/imageM-30-500x291.png 500w\" sizes=\"auto, (max-width: 1000px) 100vw, 1000px\" \/><\/figure>\n\n\n\n<p><strong>Repetir processo at\u00e9:<\/strong><\/p>\n\n\n\n<p><strong>A)<\/strong> beb\u00e9 recuperar sinais de vida (respira\u00e7\u00e3o + batimentos card\u00edacos)<\/p>\n\n\n\n<p><strong>Ou<\/strong><\/p>\n\n\n\n<p><strong>B)<\/strong> chegar ajuda diferenciada (INEM)<\/p>\n\n\n\n<p>Aconselho consulta de Manual de Suporte B\u00e1sico de Vida Pedi\u00e1trico, para informa\u00e7\u00e3o mais detalhada: <a href=\"https:\/\/www.inem.pt\/wp-content\/uploads\/2017\/09\/Suporte-B%C3%A1sico-de-Vida-Pedi%C3%A1trico.pdf\">https:\/\/www.inem.pt\/wp-content\/uploads\/2017\/09\/Suporte-B%C3%A1sico-de-Vida-Pedi%C3%A1trico.pdf<\/a><\/p>\n\n\n\n<div style=\"height:29px\" aria-hidden=\"true\" class=\"wp-block-spacer\"><\/div>\n\n\n\n<p><em>Refer\u00eancias Bibliogr\u00e1ficas:<\/em><\/p>\n\n\n\n<p><a href=\"https:\/\/influenciadoradesucesso.opoderdaimagem.net.br\/002-bald-head-with-question-mark\/\"><strong>Curso de Urg\u00eancia e Emerg\u00eancia- <\/strong><\/a><strong>Bwizer &#8211; Escola certificada com Forma\u00e7\u00e3o em Fisioterapia, Enfermagem, Medicina, Nutri\u00e7\u00e3o e Exerc\u00edcio<\/strong><\/p>\n\n\n\n<p>https:\/\/www.inem.pt\/wp-content\/uploads\/2017\/09\/Suporte-B%C3%A1sico-de-Vida-Pedi%C3%A1trico.pdf<br>https:\/\/amarepediatria.com.br\/blog\/importancia-da-pega-correta-do-bebe-na-amamentacao\/<br>https:\/\/www.inem.pt\/wp-content\/uploads\/2017\/09\/Suporte-B%C3%A1sico-de-Vida-Pedi%C3%A1trico.pdf<br>https:\/\/repositorio.ipv.pt\/bitstream\/10400.19\/1740\/1\/CASTRO%20Raquel%20Jos%C3%A9%20Silva%20-%20Disserta%C3%A7%C3%A3o%20mestrado.pdf<\/p>\n","protected":false},"excerpt":{"rendered":"<p>Amamentar \u00e9 o ato em que a crian\u00e7a obt\u00e9m o leite materno atrav\u00e9s da suc\u00e7\u00e3o da mama da mulher, no entanto, apesar de quase todas as mulheres serem fisiologicamente dotadas para amamentar, esse potencial inato n\u00e3o assegura a ocorr\u00eancia da &hellip; <a href=\"https:\/\/www.adavaveiro.org\/?p=3948\">Continuar a ler <span class=\"meta-nav\">&rarr;<\/span><\/a><\/p>\n","protected":false},"author":10,"featured_media":0,"comment_status":"closed","ping_status":"closed","sticky":false,"template":"","format":"standard","meta":{"footnotes":""},"categories":[24],"tags":[],"class_list":["post-3948","post","type-post","status-publish","format-standard","hentry","category-formacao"],"_links":{"self":[{"href":"https:\/\/www.adavaveiro.org\/index.php?rest_route=\/wp\/v2\/posts\/3948","targetHints":{"allow":["GET"]}}],"collection":[{"href":"https:\/\/www.adavaveiro.org\/index.php?rest_route=\/wp\/v2\/posts"}],"about":[{"href":"https:\/\/www.adavaveiro.org\/index.php?rest_route=\/wp\/v2\/types\/post"}],"author":[{"embeddable":true,"href":"https:\/\/www.adavaveiro.org\/index.php?rest_route=\/wp\/v2\/users\/10"}],"replies":[{"embeddable":true,"href":"https:\/\/www.adavaveiro.org\/index.php?rest_route=%2Fwp%2Fv2%2Fcomments&post=3948"}],"version-history":[{"count":4,"href":"https:\/\/www.adavaveiro.org\/index.php?rest_route=\/wp\/v2\/posts\/3948\/revisions"}],"predecessor-version":[{"id":3962,"href":"https:\/\/www.adavaveiro.org\/index.php?rest_route=\/wp\/v2\/posts\/3948\/revisions\/3962"}],"wp:attachment":[{"href":"https:\/\/www.adavaveiro.org\/index.php?rest_route=%2Fwp%2Fv2%2Fmedia&parent=3948"}],"wp:term":[{"taxonomy":"category","embeddable":true,"href":"https:\/\/www.adavaveiro.org\/index.php?rest_route=%2Fwp%2Fv2%2Fcategories&post=3948"},{"taxonomy":"post_tag","embeddable":true,"href":"https:\/\/www.adavaveiro.org\/index.php?rest_route=%2Fwp%2Fv2%2Ftags&post=3948"}],"curies":[{"name":"wp","href":"https:\/\/api.w.org\/{rel}","templated":true}]}}