{"id":396,"date":"2010-06-27T08:27:50","date_gmt":"2010-06-27T08:27:50","guid":{"rendered":"http:\/\/www.adavaveiro.org\/?p=396"},"modified":"2010-06-28T06:46:09","modified_gmt":"2010-06-28T06:46:09","slug":"entrevista-presidente-do-conselho-nacional-de-etica-para-as-ciencias-da-vida-miguel-oliveira-da-silva-chama-a-atencao-para-aspectos-preocupantes-da-aplicacao-da-lei-do-aborto-alerta-para-a-educacao","status":"publish","type":"post","link":"https:\/\/www.adavaveiro.org\/?p=396","title":{"rendered":"entrevista ao presidente do Conselho Nacional de \u00c9tica para as Ci\u00eancias da Vida, Miguel Oliveira da Silva, que chama a aten\u00e7\u00e3o para aspectos preocupantes da aplica\u00e7\u00e3o da lei do aborto, alerta para a educa\u00e7\u00e3o sexual inexistente e diz que, nos hospitais, j\u00e1 h\u00e1 mais pr\u00e1tica de n\u00e3o reanimar doentes do que dizem as fichas cl\u00ednicas"},"content":{"rendered":"<p><strong><a rel=\"attachment wp-att-112\" href=\"http:\/\/www.adavaveiro.org\/?attachment_id=112\"><\/a><\/strong><\/p>\n<p><strong><a rel=\"attachment wp-att-115\" href=\"http:\/\/www.adavaveiro.org\/?attachment_id=115\"><img decoding=\"async\" class=\"aligncenter size-full wp-image-115\" title=\"bebe_no ventre\" src=\"http:\/\/www.adavaveiro.org\/wp-content\/uploads\/bebe_no-ventre.bmp\" alt=\"\" \/><\/a><\/strong><\/p>\n<p><strong>Ler a entrevista completa em\u00a0<\/strong><a href=\"http:\/\/jornal.publico.pt\/noticia\/27-06-2010\/depois-da-lei-ha-mulheres-que--fazem-dois-e-tres-abortos-por-ano-19709379.htm\">http:\/\/jornal.publico.pt\/noticia\/27-06-2010\/depois-da-lei-ha-mulheres-que&#8211;fazem-dois-e-tres-abortos-por-ano-19709379.htm<\/a><\/p>\n<p><strong>Esta \u00e9 a sua preocupa\u00e7\u00e3o, tr\u00eas anos depois da lei do aborto?<\/strong><strong>\u00a0<\/strong>O n\u00famero de abortos est\u00e1 a subir. De 12 mil passou para 18 mil em 2008 e para 19 mil em 2009.<\/p>\n<p><strong>Aumentaram os abortos ou a visibilidade do problema?<\/strong><strong>\u00a0<\/strong>Est\u00e1 a subir o registo legal do n\u00famero de abortos at\u00e9 \u00e0s dez semanas.<\/p>\n<p><strong>Era expect\u00e1vel&#8230;<\/strong>\u00c9 expect\u00e1vel que isso aconte\u00e7a durante dois a tr\u00eas anos, porque s\u00e3o muitas mulheres que v\u00eam do aborto clandestino e que deixam de o fazer \u00e0s escondidas. Mas vamos ver at\u00e9 quando continuar\u00e3o a subir. Se os n\u00fameros continuarem a subir, a subir, \u00e9 o total falhan\u00e7o do planeamento familiar.<\/p>\n<p><strong>N\u00e3o \u00e9 preciso mais tempo para perceber?<\/strong><strong><\/strong>Pouco mais tempo. No m\u00e1ximo, um ano. Quando tivermos os dados de 2010 em 2011, se a tend\u00eancia ascendente continuar, algu\u00e9m ter\u00e1 de ter coragem de dizer que \u00e9 tempo de pensar sobre isto e que h\u00e1 algo que n\u00e3o est\u00e1 a funcionar em termos de contracep\u00e7\u00e3o.<\/p>\n<p><strong>Por ignor\u00e2ncia?<\/strong><strong><\/strong>Ainda por alguma ignor\u00e2ncia, tamb\u00e9m. Se as pessoas n\u00e3o sabem quando t\u00eam a ovula\u00e7\u00e3o, se h\u00e1 mulheres que tomam tr\u00eas pilulas do dia seguinte no mesmo m\u00eas&#8230; Tr\u00eas vezes contracep\u00e7\u00e3o de emerg\u00eancia num m\u00eas? Ningu\u00e9m tem tr\u00eas ovula\u00e7\u00f5es num m\u00eas! \u00c9 ignor\u00e2ncia total, abuso, mau uso. A quest\u00e3o \u00e9 que, al\u00e9m de muita ignor\u00e2ncia que ainda existe, temos de saber se o recurso ao aborto vem, nalguns casos, na sequ\u00eancia de uma pol\u00edtica irrespons\u00e1vel de contracep\u00e7\u00e3o. Acho que quando tivermos quatro anos de lei do aborto \u00e9 tempo mais do que suficiente de parar para pensar. N\u00e3o \u00e9 para mudar a lei. \u00c9 para avaliar. E n\u00e3o vejo ningu\u00e9m a querer fazer isso. \u00c9 surpreendente.<\/p>\n","protected":false},"excerpt":{"rendered":"<p>Ler a entrevista completa em\u00a0http:\/\/jornal.publico.pt\/noticia\/27-06-2010\/depois-da-lei-ha-mulheres-que&#8211;fazem-dois-e-tres-abortos-por-ano-19709379.htm Esta \u00e9 a sua preocupa\u00e7\u00e3o, tr\u00eas anos depois da lei do aborto?\u00a0O n\u00famero de abortos est\u00e1 a subir. De 12 mil passou para 18 mil em 2008 e para 19 mil em 2009. Aumentaram os &hellip; <a href=\"https:\/\/www.adavaveiro.org\/?p=396\">Continuar a ler <span class=\"meta-nav\">&rarr;<\/span><\/a><\/p>\n","protected":false},"author":1,"featured_media":0,"comment_status":"closed","ping_status":"open","sticky":false,"template":"","format":"standard","meta":{"footnotes":""},"categories":[11],"tags":[],"class_list":["post-396","post","type-post","status-publish","format-standard","hentry","category-entrevista"],"_links":{"self":[{"href":"https:\/\/www.adavaveiro.org\/index.php?rest_route=\/wp\/v2\/posts\/396","targetHints":{"allow":["GET"]}}],"collection":[{"href":"https:\/\/www.adavaveiro.org\/index.php?rest_route=\/wp\/v2\/posts"}],"about":[{"href":"https:\/\/www.adavaveiro.org\/index.php?rest_route=\/wp\/v2\/types\/post"}],"author":[{"embeddable":true,"href":"https:\/\/www.adavaveiro.org\/index.php?rest_route=\/wp\/v2\/users\/1"}],"replies":[{"embeddable":true,"href":"https:\/\/www.adavaveiro.org\/index.php?rest_route=%2Fwp%2Fv2%2Fcomments&post=396"}],"version-history":[{"count":15,"href":"https:\/\/www.adavaveiro.org\/index.php?rest_route=\/wp\/v2\/posts\/396\/revisions"}],"predecessor-version":[{"id":411,"href":"https:\/\/www.adavaveiro.org\/index.php?rest_route=\/wp\/v2\/posts\/396\/revisions\/411"}],"wp:attachment":[{"href":"https:\/\/www.adavaveiro.org\/index.php?rest_route=%2Fwp%2Fv2%2Fmedia&parent=396"}],"wp:term":[{"taxonomy":"category","embeddable":true,"href":"https:\/\/www.adavaveiro.org\/index.php?rest_route=%2Fwp%2Fv2%2Fcategories&post=396"},{"taxonomy":"post_tag","embeddable":true,"href":"https:\/\/www.adavaveiro.org\/index.php?rest_route=%2Fwp%2Fv2%2Ftags&post=396"}],"curies":[{"name":"wp","href":"https:\/\/api.w.org\/{rel}","templated":true}]}}