{"id":3991,"date":"2022-10-16T15:46:03","date_gmt":"2022-10-16T15:46:03","guid":{"rendered":"http:\/\/www.adavaveiro.org\/?p=3991"},"modified":"2022-10-16T15:52:16","modified_gmt":"2022-10-16T15:52:16","slug":"caminhada-solidaria-2022","status":"publish","type":"post","link":"https:\/\/www.adavaveiro.org\/?p=3991","title":{"rendered":"Caminhada solid\u00e1ria 2022"},"content":{"rendered":"\n<p><\/p>\n\n\n\n<figure class=\"wp-block-image size-large\"><img loading=\"lazy\" decoding=\"async\" width=\"768\" height=\"1024\" src=\"http:\/\/www.adavaveiro.org\/wp-content\/uploads\/2022\/10\/V-Caminhada-ADAV-2022-768x1024.jpeg\" alt=\"\" class=\"wp-image-3992\" srcset=\"https:\/\/www.adavaveiro.org\/wp-content\/uploads\/2022\/10\/V-Caminhada-ADAV-2022-768x1024.jpeg 768w, https:\/\/www.adavaveiro.org\/wp-content\/uploads\/2022\/10\/V-Caminhada-ADAV-2022-225x300.jpeg 225w, https:\/\/www.adavaveiro.org\/wp-content\/uploads\/2022\/10\/V-Caminhada-ADAV-2022-195x260.jpeg 195w, https:\/\/www.adavaveiro.org\/wp-content\/uploads\/2022\/10\/V-Caminhada-ADAV-2022.jpeg 1008w\" sizes=\"auto, (max-width: 768px) 100vw, 768px\" \/><\/figure>\n\n\n\n<p>DATA: 22\/10<\/p>\n\n\n\n<p>INSCRI\u00c7\u00d5ES \/ LEVANTAMENTO Do KIT: 14H \u00c0S 14H30<\/p>\n\n\n\n<p>Poder\u00e3o fazer a vossa inscri\u00e7\u00e3o aqui: <a href=\"https:\/\/forms.gle\/qBxGdPEgDkuimDPc6\" data-type=\"URL\" data-id=\"https:\/\/forms.gle\/qBxGdPEgDkuimDPc6\" target=\"_blank\" rel=\"noreferrer noopener\">https:\/\/forms.gle\/qBxGdPEgDkuimDPc6<\/a><\/p>\n\n\n\n<p>ATIVA\u00c7\u00c3O GERAL: 14H30<\/p>\n\n\n\n<p>CAMINHADA: 15H<\/p>\n\n\n\n<p>PERCURSO: cidade &#8211; cerca de 5km<br>A t\u00edtulo meramente ilustrativo, refira-se que neste ano de 2022, at\u00e9 27 de setembro, foram apoiadas 42 gr\u00e1vidas; foram realizados 420 atendimentos.<br>Em 2021, foram doadas 7312 pe\u00e7as de roupa, e distribu\u00eddos 590 brinquedos. A cada fam\u00edlia s\u00e3o emprestados bens de puericultura (em 2021 foram emprestados 113 objetos, desde camas a ovo e carrinho, cadeira de papa e ber\u00e7o).<\/p>\n","protected":false},"excerpt":{"rendered":"<p>DATA: 22\/10 INSCRI\u00c7\u00d5ES \/ LEVANTAMENTO Do KIT: 14H \u00c0S 14H30 Poder\u00e3o fazer a vossa inscri\u00e7\u00e3o aqui: https:\/\/forms.gle\/qBxGdPEgDkuimDPc6 ATIVA\u00c7\u00c3O GERAL: 14H30 CAMINHADA: 15H PERCURSO: cidade &#8211; cerca de 5kmA t\u00edtulo meramente ilustrativo, refira-se que neste ano de 2022, at\u00e9 27 de &hellip; <a href=\"https:\/\/www.adavaveiro.org\/?p=3991\">Continuar a ler <span class=\"meta-nav\">&rarr;<\/span><\/a><\/p>\n","protected":false},"author":8,"featured_media":0,"comment_status":"closed","ping_status":"open","sticky":false,"template":"","format":"standard","meta":{"footnotes":""},"categories":[13],"tags":[],"class_list":["post-3991","post","type-post","status-publish","format-standard","hentry","category-colaborar"],"_links":{"self":[{"href":"https:\/\/www.adavaveiro.org\/index.php?rest_route=\/wp\/v2\/posts\/3991","targetHints":{"allow":["GET"]}}],"collection":[{"href":"https:\/\/www.adavaveiro.org\/index.php?rest_route=\/wp\/v2\/posts"}],"about":[{"href":"https:\/\/www.adavaveiro.org\/index.php?rest_route=\/wp\/v2\/types\/post"}],"author":[{"embeddable":true,"href":"https:\/\/www.adavaveiro.org\/index.php?rest_route=\/wp\/v2\/users\/8"}],"replies":[{"embeddable":true,"href":"https:\/\/www.adavaveiro.org\/index.php?rest_route=%2Fwp%2Fv2%2Fcomments&post=3991"}],"version-history":[{"count":3,"href":"https:\/\/www.adavaveiro.org\/index.php?rest_route=\/wp\/v2\/posts\/3991\/revisions"}],"predecessor-version":[{"id":3995,"href":"https:\/\/www.adavaveiro.org\/index.php?rest_route=\/wp\/v2\/posts\/3991\/revisions\/3995"}],"wp:attachment":[{"href":"https:\/\/www.adavaveiro.org\/index.php?rest_route=%2Fwp%2Fv2%2Fmedia&parent=3991"}],"wp:term":[{"taxonomy":"category","embeddable":true,"href":"https:\/\/www.adavaveiro.org\/index.php?rest_route=%2Fwp%2Fv2%2Fcategories&post=3991"},{"taxonomy":"post_tag","embeddable":true,"href":"https:\/\/www.adavaveiro.org\/index.php?rest_route=%2Fwp%2Fv2%2Ftags&post=3991"}],"curies":[{"name":"wp","href":"https:\/\/api.w.org\/{rel}","templated":true}]}}