{"id":4001,"date":"2022-11-16T14:15:57","date_gmt":"2022-11-16T14:15:57","guid":{"rendered":"http:\/\/www.adavaveiro.org\/?p=4001"},"modified":"2022-12-23T17:21:38","modified_gmt":"2022-12-23T17:21:38","slug":"assembleia-geral-8","status":"publish","type":"post","link":"https:\/\/www.adavaveiro.org\/?p=4001","title":{"rendered":"ASSEMBLEIA GERAL"},"content":{"rendered":"\n<p>A pr\u00f3xima Assembleia Geral dos S\u00f3cios da ADAV &#8211; Aveiro ser\u00e1 no dia 30\/11. <\/p>\n\n\n\n<ol class=\"wp-block-list\" type=\"1\">\n<li>Informa\u00e7\u00f5es.<\/li>\n\n\n\n<li>Aprova\u00e7\u00e3o do Plano Anual de Atividades 2023 e do Or\u00e7amento para 2023.<\/li>\n\n\n\n<li>Outros assuntos.<\/li>\n<\/ol>\n\n\n\n<p>NOTA: Se \u00e0 hora marcada n\u00e3o estiver presente mais de metade dos s\u00f3cios com direito a voto, a Assembleia reunir-se-\u00e1 meia hora depois com os s\u00f3cios presentes.<\/p>\n\n\n\n<p><\/p>\n\n\n\n<p>O Presidente da Assembleia Geral<\/p>\n\n\n\n<p>Jos\u00e9 Joaquim Borges<\/p>\n","protected":false},"excerpt":{"rendered":"<p>A pr\u00f3xima Assembleia Geral dos S\u00f3cios da ADAV &#8211; Aveiro ser\u00e1 no dia 30\/11. NOTA: Se \u00e0 hora marcada n\u00e3o estiver presente mais de metade dos s\u00f3cios com direito a voto, a Assembleia reunir-se-\u00e1 meia hora depois com os s\u00f3cios &hellip; <a href=\"https:\/\/www.adavaveiro.org\/?p=4001\">Continuar a ler <span class=\"meta-nav\">&rarr;<\/span><\/a><\/p>\n","protected":false},"author":1,"featured_media":0,"comment_status":"closed","ping_status":"closed","sticky":false,"template":"","format":"standard","meta":{"footnotes":""},"categories":[20],"tags":[],"class_list":["post-4001","post","type-post","status-publish","format-standard","hentry","category-informacao"],"_links":{"self":[{"href":"https:\/\/www.adavaveiro.org\/index.php?rest_route=\/wp\/v2\/posts\/4001","targetHints":{"allow":["GET"]}}],"collection":[{"href":"https:\/\/www.adavaveiro.org\/index.php?rest_route=\/wp\/v2\/posts"}],"about":[{"href":"https:\/\/www.adavaveiro.org\/index.php?rest_route=\/wp\/v2\/types\/post"}],"author":[{"embeddable":true,"href":"https:\/\/www.adavaveiro.org\/index.php?rest_route=\/wp\/v2\/users\/1"}],"replies":[{"embeddable":true,"href":"https:\/\/www.adavaveiro.org\/index.php?rest_route=%2Fwp%2Fv2%2Fcomments&post=4001"}],"version-history":[{"count":1,"href":"https:\/\/www.adavaveiro.org\/index.php?rest_route=\/wp\/v2\/posts\/4001\/revisions"}],"predecessor-version":[{"id":4002,"href":"https:\/\/www.adavaveiro.org\/index.php?rest_route=\/wp\/v2\/posts\/4001\/revisions\/4002"}],"wp:attachment":[{"href":"https:\/\/www.adavaveiro.org\/index.php?rest_route=%2Fwp%2Fv2%2Fmedia&parent=4001"}],"wp:term":[{"taxonomy":"category","embeddable":true,"href":"https:\/\/www.adavaveiro.org\/index.php?rest_route=%2Fwp%2Fv2%2Fcategories&post=4001"},{"taxonomy":"post_tag","embeddable":true,"href":"https:\/\/www.adavaveiro.org\/index.php?rest_route=%2Fwp%2Fv2%2Ftags&post=4001"}],"curies":[{"name":"wp","href":"https:\/\/api.w.org\/{rel}","templated":true}]}}