{"id":4159,"date":"2024-05-09T20:19:04","date_gmt":"2024-05-09T20:19:04","guid":{"rendered":"http:\/\/www.adavaveiro.org\/?p=4159"},"modified":"2024-05-09T20:21:49","modified_gmt":"2024-05-09T20:21:49","slug":"generosidade-e-gratidao","status":"publish","type":"post","link":"https:\/\/www.adavaveiro.org\/?p=4159","title":{"rendered":"Generosidade e gratid\u00e3o"},"content":{"rendered":"\n<figure class=\"wp-block-image size-full\"><img loading=\"lazy\" decoding=\"async\" width=\"954\" height=\"825\" src=\"http:\/\/www.adavaveiro.org\/wp-content\/uploads\/2024\/05\/primeira_comunhao.jpg\" alt=\"\" class=\"wp-image-4162\" srcset=\"https:\/\/www.adavaveiro.org\/wp-content\/uploads\/2024\/05\/primeira_comunhao.jpg 954w, https:\/\/www.adavaveiro.org\/wp-content\/uploads\/2024\/05\/primeira_comunhao-300x259.jpg 300w, https:\/\/www.adavaveiro.org\/wp-content\/uploads\/2024\/05\/primeira_comunhao-260x225.jpg 260w, https:\/\/www.adavaveiro.org\/wp-content\/uploads\/2024\/05\/primeira_comunhao-768x664.jpg 768w, https:\/\/www.adavaveiro.org\/wp-content\/uploads\/2024\/05\/primeira_comunhao-347x300.jpg 347w\" sizes=\"auto, (max-width: 954px) 100vw, 954px\" \/><\/figure>\n\n\n\n<p><strong>Chegaram \u00e0 ADAV brinquedos, uma cadeira de carro, roupa e ainda 12 embrulhos \/ prendas com fraldas (848), toalhetes (23 embalagens), papas (3), unidades de soro fisiol\u00f3gico (90) e 1 embalagem de Nan 1 que as crian\u00e7as da 1.\u00aa comunh\u00e3o da par\u00f3quia de S\u00e3o Martinho de Pessegueiro do Vouga ofereceram para os beb\u00e9s que apoiamos. Um gesto\u00a0muito\u00a0bonito. Muito obrigada!<\/strong><\/p>\n\n\n\n<figure class=\"wp-block-image size-large\"><img loading=\"lazy\" decoding=\"async\" width=\"1024\" height=\"468\" src=\"http:\/\/www.adavaveiro.org\/wp-content\/uploads\/2024\/05\/primeira_comunhao_PAROQUIA-1024x468.jpg\" alt=\"\" class=\"wp-image-4160\" srcset=\"https:\/\/www.adavaveiro.org\/wp-content\/uploads\/2024\/05\/primeira_comunhao_PAROQUIA-1024x468.jpg 1024w, https:\/\/www.adavaveiro.org\/wp-content\/uploads\/2024\/05\/primeira_comunhao_PAROQUIA-300x137.jpg 300w, https:\/\/www.adavaveiro.org\/wp-content\/uploads\/2024\/05\/primeira_comunhao_PAROQUIA-260x119.jpg 260w, https:\/\/www.adavaveiro.org\/wp-content\/uploads\/2024\/05\/primeira_comunhao_PAROQUIA-768x351.jpg 768w, https:\/\/www.adavaveiro.org\/wp-content\/uploads\/2024\/05\/primeira_comunhao_PAROQUIA-1536x701.jpg 1536w, https:\/\/www.adavaveiro.org\/wp-content\/uploads\/2024\/05\/primeira_comunhao_PAROQUIA-500x228.jpg 500w, https:\/\/www.adavaveiro.org\/wp-content\/uploads\/2024\/05\/primeira_comunhao_PAROQUIA.jpg 2048w\" sizes=\"auto, (max-width: 1024px) 100vw, 1024px\" \/><\/figure>\n\n\n\n<figure class=\"wp-block-image size-full\"><img loading=\"lazy\" decoding=\"async\" width=\"921\" height=\"675\" src=\"http:\/\/www.adavaveiro.org\/wp-content\/uploads\/2024\/05\/mensagem_primeira_comunhao_PAROQUIA.jpg\" alt=\"\" class=\"wp-image-4161\" srcset=\"https:\/\/www.adavaveiro.org\/wp-content\/uploads\/2024\/05\/mensagem_primeira_comunhao_PAROQUIA.jpg 921w, https:\/\/www.adavaveiro.org\/wp-content\/uploads\/2024\/05\/mensagem_primeira_comunhao_PAROQUIA-300x220.jpg 300w, https:\/\/www.adavaveiro.org\/wp-content\/uploads\/2024\/05\/mensagem_primeira_comunhao_PAROQUIA-260x191.jpg 260w, https:\/\/www.adavaveiro.org\/wp-content\/uploads\/2024\/05\/mensagem_primeira_comunhao_PAROQUIA-768x563.jpg 768w, https:\/\/www.adavaveiro.org\/wp-content\/uploads\/2024\/05\/mensagem_primeira_comunhao_PAROQUIA-409x300.jpg 409w\" sizes=\"auto, (max-width: 921px) 100vw, 921px\" \/><\/figure>\n\n\n\n<p><strong>Queridos meninos e meninas, em nome das fam\u00edlias que a Adav-Aveiro apoia queremos agradecer a vossa generosa campanha de partilha de bens para os beb\u00e9s que temos a alegria de ver nascer. Neste dia t\u00e3o especial da vossa primeira comunh\u00e3o, muito obrigada pela vossa lembran\u00e7a e pelo vosso contributo, que revela a vossa grande generosidade para com as cerca de 100 crian\u00e7as que neste ano estamos a apoiar. A sua vida ser\u00e1 mais feliz e as suas fam\u00edlias ficar\u00e3o muito sensibilizadas pelo carinho que hoje a vossa comunidade demonstra.<br>Em comunh\u00e3o e em comunidade, juntos vamos ajudar os outros a viverem felizes.\u00a0Muito\u00a0obrigada!<\/strong><\/p>\n","protected":false},"excerpt":{"rendered":"<p>Chegaram \u00e0 ADAV brinquedos, uma cadeira de carro, roupa e ainda 12 embrulhos \/ prendas com fraldas (848), toalhetes (23 embalagens), papas (3), unidades de soro fisiol\u00f3gico (90) e 1 embalagem de Nan 1 que as crian\u00e7as da 1.\u00aa comunh\u00e3o &hellip; <a href=\"https:\/\/www.adavaveiro.org\/?p=4159\">Continuar a ler <span class=\"meta-nav\">&rarr;<\/span><\/a><\/p>\n","protected":false},"author":1,"featured_media":0,"comment_status":"closed","ping_status":"open","sticky":false,"template":"","format":"standard","meta":{"footnotes":""},"categories":[13],"tags":[],"class_list":["post-4159","post","type-post","status-publish","format-standard","hentry","category-colaborar"],"_links":{"self":[{"href":"https:\/\/www.adavaveiro.org\/index.php?rest_route=\/wp\/v2\/posts\/4159","targetHints":{"allow":["GET"]}}],"collection":[{"href":"https:\/\/www.adavaveiro.org\/index.php?rest_route=\/wp\/v2\/posts"}],"about":[{"href":"https:\/\/www.adavaveiro.org\/index.php?rest_route=\/wp\/v2\/types\/post"}],"author":[{"embeddable":true,"href":"https:\/\/www.adavaveiro.org\/index.php?rest_route=\/wp\/v2\/users\/1"}],"replies":[{"embeddable":true,"href":"https:\/\/www.adavaveiro.org\/index.php?rest_route=%2Fwp%2Fv2%2Fcomments&post=4159"}],"version-history":[{"count":2,"href":"https:\/\/www.adavaveiro.org\/index.php?rest_route=\/wp\/v2\/posts\/4159\/revisions"}],"predecessor-version":[{"id":4164,"href":"https:\/\/www.adavaveiro.org\/index.php?rest_route=\/wp\/v2\/posts\/4159\/revisions\/4164"}],"wp:attachment":[{"href":"https:\/\/www.adavaveiro.org\/index.php?rest_route=%2Fwp%2Fv2%2Fmedia&parent=4159"}],"wp:term":[{"taxonomy":"category","embeddable":true,"href":"https:\/\/www.adavaveiro.org\/index.php?rest_route=%2Fwp%2Fv2%2Fcategories&post=4159"},{"taxonomy":"post_tag","embeddable":true,"href":"https:\/\/www.adavaveiro.org\/index.php?rest_route=%2Fwp%2Fv2%2Ftags&post=4159"}],"curies":[{"name":"wp","href":"https:\/\/api.w.org\/{rel}","templated":true}]}}