{"id":4200,"date":"2025-03-16T16:50:53","date_gmt":"2025-03-16T16:50:53","guid":{"rendered":"http:\/\/www.adavaveiro.org\/?p=4200"},"modified":"2025-03-26T20:45:21","modified_gmt":"2025-03-26T20:45:21","slug":"4200","status":"publish","type":"post","link":"https:\/\/www.adavaveiro.org\/?p=4200","title":{"rendered":"7.\u00aa Caminhada Solid\u00e1ria pela Vida &#8211; 2025 &#8211; inscri\u00e7\u00f5es aqui"},"content":{"rendered":"\n<figure class=\"wp-block-image size-large\"><a href=\"https:\/\/forms.gle\/CrJetNrSZei11wN69\"><img loading=\"lazy\" decoding=\"async\" width=\"768\" height=\"1024\" src=\"http:\/\/www.adavaveiro.org\/wp-content\/uploads\/2025\/03\/7_CAMINHADA_SOLIDARIA-768x1024.jpg\" alt=\"\" class=\"wp-image-4201\" srcset=\"https:\/\/www.adavaveiro.org\/wp-content\/uploads\/2025\/03\/7_CAMINHADA_SOLIDARIA-768x1024.jpg 768w, https:\/\/www.adavaveiro.org\/wp-content\/uploads\/2025\/03\/7_CAMINHADA_SOLIDARIA-225x300.jpg 225w, https:\/\/www.adavaveiro.org\/wp-content\/uploads\/2025\/03\/7_CAMINHADA_SOLIDARIA-195x260.jpg 195w, https:\/\/www.adavaveiro.org\/wp-content\/uploads\/2025\/03\/7_CAMINHADA_SOLIDARIA.jpg 1008w\" sizes=\"auto, (max-width: 768px) 100vw, 768px\" \/><\/a><\/figure>\n","protected":false},"excerpt":{"rendered":"","protected":false},"author":1,"featured_media":0,"comment_status":"closed","ping_status":"closed","sticky":false,"template":"","format":"standard","meta":{"footnotes":""},"categories":[13],"tags":[],"class_list":["post-4200","post","type-post","status-publish","format-standard","hentry","category-colaborar"],"_links":{"self":[{"href":"https:\/\/www.adavaveiro.org\/index.php?rest_route=\/wp\/v2\/posts\/4200","targetHints":{"allow":["GET"]}}],"collection":[{"href":"https:\/\/www.adavaveiro.org\/index.php?rest_route=\/wp\/v2\/posts"}],"about":[{"href":"https:\/\/www.adavaveiro.org\/index.php?rest_route=\/wp\/v2\/types\/post"}],"author":[{"embeddable":true,"href":"https:\/\/www.adavaveiro.org\/index.php?rest_route=\/wp\/v2\/users\/1"}],"replies":[{"embeddable":true,"href":"https:\/\/www.adavaveiro.org\/index.php?rest_route=%2Fwp%2Fv2%2Fcomments&post=4200"}],"version-history":[{"count":3,"href":"https:\/\/www.adavaveiro.org\/index.php?rest_route=\/wp\/v2\/posts\/4200\/revisions"}],"predecessor-version":[{"id":4205,"href":"https:\/\/www.adavaveiro.org\/index.php?rest_route=\/wp\/v2\/posts\/4200\/revisions\/4205"}],"wp:attachment":[{"href":"https:\/\/www.adavaveiro.org\/index.php?rest_route=%2Fwp%2Fv2%2Fmedia&parent=4200"}],"wp:term":[{"taxonomy":"category","embeddable":true,"href":"https:\/\/www.adavaveiro.org\/index.php?rest_route=%2Fwp%2Fv2%2Fcategories&post=4200"},{"taxonomy":"post_tag","embeddable":true,"href":"https:\/\/www.adavaveiro.org\/index.php?rest_route=%2Fwp%2Fv2%2Ftags&post=4200"}],"curies":[{"name":"wp","href":"https:\/\/api.w.org\/{rel}","templated":true}]}}