{"id":4243,"date":"2025-08-29T10:23:01","date_gmt":"2025-08-29T10:23:01","guid":{"rendered":"https:\/\/www.adavaveiro.org\/?p=4243"},"modified":"2025-08-29T10:26:17","modified_gmt":"2025-08-29T10:26:17","slug":"lista-de-compras-setembro","status":"publish","type":"post","link":"https:\/\/www.adavaveiro.org\/?p=4243","title":{"rendered":"Lista de compras &#8211; setembro 2025"},"content":{"rendered":"\n<p>Como habitualmente, o apoio \u00e0s m\u00e3es e seus beb\u00e9s correspondente a agosto foi dado em julho. Vamos retomar os atendimentos em setembro.<br>Fizemos o levantamento das necessidades e partilhamos convosco o que \u00e9 mais urgente.<br>Continuamos no 1.\u00ba andar no Mercado de Santiago. Regressamos a 8\/9.<br>Muito obrigada pela vossa generosidade!<\/p>\n\n\n\n<figure class=\"wp-block-image size-large\"><img loading=\"lazy\" decoding=\"async\" width=\"1024\" height=\"1024\" src=\"http:\/\/www.adavaveiro.org\/wp-content\/uploads\/2025\/08\/listaCompras_setembro_2025-1024x1024.jpg\" alt=\"\" class=\"wp-image-4244\" srcset=\"https:\/\/www.adavaveiro.org\/wp-content\/uploads\/2025\/08\/listaCompras_setembro_2025-1024x1024.jpg 1024w, https:\/\/www.adavaveiro.org\/wp-content\/uploads\/2025\/08\/listaCompras_setembro_2025-300x300.jpg 300w, https:\/\/www.adavaveiro.org\/wp-content\/uploads\/2025\/08\/listaCompras_setembro_2025-260x260.jpg 260w, https:\/\/www.adavaveiro.org\/wp-content\/uploads\/2025\/08\/listaCompras_setembro_2025-768x768.jpg 768w, https:\/\/www.adavaveiro.org\/wp-content\/uploads\/2025\/08\/listaCompras_setembro_2025.jpg 1080w\" sizes=\"auto, (max-width: 1024px) 100vw, 1024px\" \/><\/figure>\n","protected":false},"excerpt":{"rendered":"<p>Como habitualmente, o apoio \u00e0s m\u00e3es e seus beb\u00e9s correspondente a agosto foi dado em julho. Vamos retomar os atendimentos em setembro.Fizemos o levantamento das necessidades e partilhamos convosco o que \u00e9 mais urgente.Continuamos no 1.\u00ba andar no Mercado de &hellip; <a href=\"https:\/\/www.adavaveiro.org\/?p=4243\">Continuar a ler <span class=\"meta-nav\">&rarr;<\/span><\/a><\/p>\n","protected":false},"author":1,"featured_media":0,"comment_status":"closed","ping_status":"closed","sticky":false,"template":"","format":"standard","meta":{"footnotes":""},"categories":[13],"tags":[],"class_list":["post-4243","post","type-post","status-publish","format-standard","hentry","category-colaborar"],"_links":{"self":[{"href":"https:\/\/www.adavaveiro.org\/index.php?rest_route=\/wp\/v2\/posts\/4243","targetHints":{"allow":["GET"]}}],"collection":[{"href":"https:\/\/www.adavaveiro.org\/index.php?rest_route=\/wp\/v2\/posts"}],"about":[{"href":"https:\/\/www.adavaveiro.org\/index.php?rest_route=\/wp\/v2\/types\/post"}],"author":[{"embeddable":true,"href":"https:\/\/www.adavaveiro.org\/index.php?rest_route=\/wp\/v2\/users\/1"}],"replies":[{"embeddable":true,"href":"https:\/\/www.adavaveiro.org\/index.php?rest_route=%2Fwp%2Fv2%2Fcomments&post=4243"}],"version-history":[{"count":5,"href":"https:\/\/www.adavaveiro.org\/index.php?rest_route=\/wp\/v2\/posts\/4243\/revisions"}],"predecessor-version":[{"id":4250,"href":"https:\/\/www.adavaveiro.org\/index.php?rest_route=\/wp\/v2\/posts\/4243\/revisions\/4250"}],"wp:attachment":[{"href":"https:\/\/www.adavaveiro.org\/index.php?rest_route=%2Fwp%2Fv2%2Fmedia&parent=4243"}],"wp:term":[{"taxonomy":"category","embeddable":true,"href":"https:\/\/www.adavaveiro.org\/index.php?rest_route=%2Fwp%2Fv2%2Fcategories&post=4243"},{"taxonomy":"post_tag","embeddable":true,"href":"https:\/\/www.adavaveiro.org\/index.php?rest_route=%2Fwp%2Fv2%2Ftags&post=4243"}],"curies":[{"name":"wp","href":"https:\/\/api.w.org\/{rel}","templated":true}]}}