{"id":50,"date":"2010-03-07T21:05:59","date_gmt":"2010-03-07T21:05:59","guid":{"rendered":"http:\/\/www.adavaveiro.org\/?p=50"},"modified":"2010-03-22T14:11:13","modified_gmt":"2010-03-22T14:11:13","slug":"nascer-hoje","status":"publish","type":"post","link":"https:\/\/www.adavaveiro.org\/?p=50","title":{"rendered":"nascer hoje &#8211; parab\u00e9ns \u00e0s mulheres que s\u00e3o m\u00e3es"},"content":{"rendered":"<p style=\"text-align: center;\">\u00a0<\/p>\n<p style=\"text-align: center;\"><a href=\"http:\/\/www.adavaveiro.org\/wp-content\/uploads\/mae-e-bebe.jpg\"><img loading=\"lazy\" decoding=\"async\" class=\"aligncenter size-thumbnail wp-image-54\" title=\"mae e bebe\" src=\"http:\/\/www.adavaveiro.org\/wp-content\/uploads\/mae-e-bebe-150x150.jpg\" alt=\"\" width=\"150\" height=\"150\" \/><\/a><\/p>\n<p>Pequeno poema<\/p>\n<p>Quando eu nasci,<br \/>\nficou tudo como estava.<\/p>\n<p>Nem homens cortaram veias,<br \/>\nnem o Sol escureceu,<br \/>\nnem houve Estrelas a mais&#8230;<br \/>\nSomente,<br \/>\nesquecida das dores,<br \/>\na minha M\u00e3e sorriu e agradeceu.<\/p>\n<p>Quando eu nasci,<br \/>\nn\u00e3o houve nada de novo<br \/>\nsen\u00e3o eu.<\/p>\n<p>As nuvens n\u00e3o se espantaram,<br \/>\nn\u00e3o enlouqueceu ningu\u00e9m&#8230;<\/p>\n<p>Pra que o dia fosse enorme,<br \/>\nbastava<br \/>\ntoda a ternura que olhava<br \/>\nnos olhos de minha M\u00e3e&#8230;<\/p>\n<p>Sebasti\u00e3o da Gama<\/p>\n","protected":false},"excerpt":{"rendered":"<p>\u00a0 Pequeno poema Quando eu nasci, ficou tudo como estava. Nem homens cortaram veias, nem o Sol escureceu, nem houve Estrelas a mais&#8230; Somente, esquecida das dores, a minha M\u00e3e sorriu e agradeceu. Quando eu nasci, n\u00e3o houve nada de &hellip; <a href=\"https:\/\/www.adavaveiro.org\/?p=50\">Continuar a ler <span class=\"meta-nav\">&rarr;<\/span><\/a><\/p>\n","protected":false},"author":1,"featured_media":0,"comment_status":"closed","ping_status":"open","sticky":false,"template":"","format":"standard","meta":{"footnotes":""},"categories":[8],"tags":[],"class_list":["post-50","post","type-post","status-publish","format-standard","hentry","category-comemoracao"],"_links":{"self":[{"href":"https:\/\/www.adavaveiro.org\/index.php?rest_route=\/wp\/v2\/posts\/50","targetHints":{"allow":["GET"]}}],"collection":[{"href":"https:\/\/www.adavaveiro.org\/index.php?rest_route=\/wp\/v2\/posts"}],"about":[{"href":"https:\/\/www.adavaveiro.org\/index.php?rest_route=\/wp\/v2\/types\/post"}],"author":[{"embeddable":true,"href":"https:\/\/www.adavaveiro.org\/index.php?rest_route=\/wp\/v2\/users\/1"}],"replies":[{"embeddable":true,"href":"https:\/\/www.adavaveiro.org\/index.php?rest_route=%2Fwp%2Fv2%2Fcomments&post=50"}],"version-history":[{"count":8,"href":"https:\/\/www.adavaveiro.org\/index.php?rest_route=\/wp\/v2\/posts\/50\/revisions"}],"predecessor-version":[{"id":85,"href":"https:\/\/www.adavaveiro.org\/index.php?rest_route=\/wp\/v2\/posts\/50\/revisions\/85"}],"wp:attachment":[{"href":"https:\/\/www.adavaveiro.org\/index.php?rest_route=%2Fwp%2Fv2%2Fmedia&parent=50"}],"wp:term":[{"taxonomy":"category","embeddable":true,"href":"https:\/\/www.adavaveiro.org\/index.php?rest_route=%2Fwp%2Fv2%2Fcategories&post=50"},{"taxonomy":"post_tag","embeddable":true,"href":"https:\/\/www.adavaveiro.org\/index.php?rest_route=%2Fwp%2Fv2%2Ftags&post=50"}],"curies":[{"name":"wp","href":"https:\/\/api.w.org\/{rel}","templated":true}]}}