{"id":516,"date":"2010-07-19T16:15:55","date_gmt":"2010-07-19T16:15:55","guid":{"rendered":"http:\/\/www.adavaveiro.org\/?p=516"},"modified":"2010-07-19T16:49:48","modified_gmt":"2010-07-19T16:49:48","slug":"urgente-fazer-o-balanco-e-rever-a-legalizacao-do-aborto","status":"publish","type":"post","link":"https:\/\/www.adavaveiro.org\/?p=516","title":{"rendered":"\u00c9 urgente rever a legaliza\u00e7\u00e3o do aborto"},"content":{"rendered":"<p><a rel=\"attachment wp-att-113\" href=\"http:\/\/www.adavaveiro.org\/?attachment_id=113\"><img loading=\"lazy\" decoding=\"async\" class=\"alignleft size-thumbnail wp-image-113\" title=\"vida-no-ventre1\" src=\"http:\/\/www.adavaveiro.org\/wp-content\/uploads\/vida-no-ventre1-150x150.jpg\" alt=\"\" width=\"150\" height=\"150\" \/><\/a>No dia 15 de Julho de 2010, completaram-se 3 anos sobre a legaliza\u00e7\u00e3o do aborto em Portugal<\/p>\n<p>\u00c9\u00a0urgente fazer o balan\u00e7o e rever a legaliza\u00e7\u00e3o.<\/p>\n<p>Ver na RTP1: <a href=\"http:\/\/tv.rtp.pt\/noticias\/?t=Recurso-ao-aborto-aumenta-em-Portugal.rtp&amp;headline=20&amp;visual=9&amp;article=360301&amp;tm=2\">Aborto aumenta em Portugal<\/a><a href=\"http:\/\/tv.rtp.pt\/noticias\/?t=Recurso-ao-aborto-aumenta-em-Portugal.rtp&amp;head\"><\/a><\/p>\n<p>A ler v\u00e1rias not\u00edcias em:<\/p>\n<p><a href=\"http:\/\/www.publico.pt\/Sociedade\/especialistas-defendem-que-esta-na-altura-de-fazer-balanco-e-rever-a-lei-do-aborto_1447199\"><\/a><\/p>\n<p>Jornal<em> P\u00fablico<\/em>: <a href=\"http:\/\/www.publico.pt\/Sociedade\/especialistas-defendem-que-esta-na-altura-de-fazer-balanco-e-rever-a-lei-do-aborto_1447199\">Opini\u00e3o de especialistas: fazer o balan\u00e7o e rever a lei do aborto<\/a><\/p>\n<p><em>RTP1<\/em>: <a href=\"http:\/\/tv1.rtp.pt\/noticias\/index.php?t=Pratica-de-aborto-clandestino-perdura-em-Portugal.rtp&amp;article=360317&amp;visual=3&amp;layout=10&amp;tm=2\">Aborto continua em Portugal<\/a><\/p>\n<p><em>Jornal i<\/em>: <a href=\"http:\/\/www.ionline.pt\/conteudo\/69272-aborto-federacao-portuguesa-pela-vida-defende-reavaliacao-e-alteracao-da-lei\">Federa\u00e7\u00e3o portuguesa pela vida defende reavalia\u00e7\u00e3o e altera\u00e7\u00e3o da lei<\/a><\/p>\n<p><em>Jornal de Not\u00edcias<\/em>: <a href=\"http:\/\/jn.sapo.pt\/PaginaInicial\/Nacional\/Interior.aspx?content_id=1619268\">Aborto clandestino e reincid\u00eancias<\/a><\/p>\n<p style=\"text-align: left;\"><a href=\"http:\/\/www.rr.pt\/informacao_detalhe.aspx?fid=92&amp;did=112589\">Ouvir na R\u00e1dio Renascen\u00e7a<\/a><\/p>\n","protected":false},"excerpt":{"rendered":"<p>No dia 15 de Julho de 2010, completaram-se 3 anos sobre a legaliza\u00e7\u00e3o do aborto em Portugal \u00c9\u00a0urgente fazer o balan\u00e7o e rever a legaliza\u00e7\u00e3o. Ver na RTP1: Aborto aumenta em Portugal A ler v\u00e1rias not\u00edcias em: Jornal P\u00fablico: Opini\u00e3o &hellip; <a href=\"https:\/\/www.adavaveiro.org\/?p=516\">Continuar a ler <span class=\"meta-nav\">&rarr;<\/span><\/a><\/p>\n","protected":false},"author":1,"featured_media":0,"comment_status":"closed","ping_status":"closed","sticky":false,"template":"","format":"standard","meta":{"footnotes":""},"categories":[9],"tags":[],"class_list":["post-516","post","type-post","status-publish","format-standard","hentry","category-refletir"],"_links":{"self":[{"href":"https:\/\/www.adavaveiro.org\/index.php?rest_route=\/wp\/v2\/posts\/516","targetHints":{"allow":["GET"]}}],"collection":[{"href":"https:\/\/www.adavaveiro.org\/index.php?rest_route=\/wp\/v2\/posts"}],"about":[{"href":"https:\/\/www.adavaveiro.org\/index.php?rest_route=\/wp\/v2\/types\/post"}],"author":[{"embeddable":true,"href":"https:\/\/www.adavaveiro.org\/index.php?rest_route=\/wp\/v2\/users\/1"}],"replies":[{"embeddable":true,"href":"https:\/\/www.adavaveiro.org\/index.php?rest_route=%2Fwp%2Fv2%2Fcomments&post=516"}],"version-history":[{"count":19,"href":"https:\/\/www.adavaveiro.org\/index.php?rest_route=\/wp\/v2\/posts\/516\/revisions"}],"predecessor-version":[{"id":520,"href":"https:\/\/www.adavaveiro.org\/index.php?rest_route=\/wp\/v2\/posts\/516\/revisions\/520"}],"wp:attachment":[{"href":"https:\/\/www.adavaveiro.org\/index.php?rest_route=%2Fwp%2Fv2%2Fmedia&parent=516"}],"wp:term":[{"taxonomy":"category","embeddable":true,"href":"https:\/\/www.adavaveiro.org\/index.php?rest_route=%2Fwp%2Fv2%2Fcategories&post=516"},{"taxonomy":"post_tag","embeddable":true,"href":"https:\/\/www.adavaveiro.org\/index.php?rest_route=%2Fwp%2Fv2%2Ftags&post=516"}],"curies":[{"name":"wp","href":"https:\/\/api.w.org\/{rel}","templated":true}]}}