{"id":536,"date":"2010-07-22T20:39:19","date_gmt":"2010-07-22T20:39:19","guid":{"rendered":"http:\/\/www.adavaveiro.org\/?p=536"},"modified":"2010-07-22T20:39:20","modified_gmt":"2010-07-22T20:39:20","slug":"horario-de-verao","status":"publish","type":"post","link":"https:\/\/www.adavaveiro.org\/?p=536","title":{"rendered":"Hor\u00e1rio de Ver\u00e3o"},"content":{"rendered":"<p><a rel=\"attachment wp-att-537\" href=\"http:\/\/www.adavaveiro.org\/?attachment_id=537\"><img loading=\"lazy\" decoding=\"async\" class=\"alignleft size-thumbnail wp-image-537\" title=\"Adav17\" src=\"http:\/\/www.adavaveiro.org\/wp-content\/uploads\/Adav17-260x172.jpg\" alt=\"\" width=\"260\" height=\"172\" srcset=\"https:\/\/www.adavaveiro.org\/wp-content\/uploads\/Adav17-260x172.jpg 260w, https:\/\/www.adavaveiro.org\/wp-content\/uploads\/Adav17-300x199.jpg 300w, https:\/\/www.adavaveiro.org\/wp-content\/uploads\/Adav17-1024x679.jpg 1024w, https:\/\/www.adavaveiro.org\/wp-content\/uploads\/Adav17.jpg 2048w\" sizes=\"auto, (max-width: 260px) 100vw, 260px\" \/><\/a>Durante os primeiros 15 dias do m\u00eas de Agosto, a sede da ADAV estar\u00e1 fechada.<\/p>\n<p>Para qualquer situa\u00e7\u00e3o urgente, os contactos podem ser feitos via telefone ou e-mail.<\/p>\n<p>Gratos pela aten\u00e7\u00e3o dispensada<\/p>\n<p>A DIREC\u00c7\u00c3O<\/p>\n","protected":false},"excerpt":{"rendered":"<p>Durante os primeiros 15 dias do m\u00eas de Agosto, a sede da ADAV estar\u00e1 fechada. Para qualquer situa\u00e7\u00e3o urgente, os contactos podem ser feitos via telefone ou e-mail. Gratos pela aten\u00e7\u00e3o dispensada A DIREC\u00c7\u00c3O<\/p>\n","protected":false},"author":1,"featured_media":0,"comment_status":"closed","ping_status":"closed","sticky":false,"template":"","format":"standard","meta":{"footnotes":""},"categories":[3],"tags":[],"class_list":["post-536","post","type-post","status-publish","format-standard","hentry","category-boas-vindas"],"_links":{"self":[{"href":"https:\/\/www.adavaveiro.org\/index.php?rest_route=\/wp\/v2\/posts\/536","targetHints":{"allow":["GET"]}}],"collection":[{"href":"https:\/\/www.adavaveiro.org\/index.php?rest_route=\/wp\/v2\/posts"}],"about":[{"href":"https:\/\/www.adavaveiro.org\/index.php?rest_route=\/wp\/v2\/types\/post"}],"author":[{"embeddable":true,"href":"https:\/\/www.adavaveiro.org\/index.php?rest_route=\/wp\/v2\/users\/1"}],"replies":[{"embeddable":true,"href":"https:\/\/www.adavaveiro.org\/index.php?rest_route=%2Fwp%2Fv2%2Fcomments&post=536"}],"version-history":[{"count":3,"href":"https:\/\/www.adavaveiro.org\/index.php?rest_route=\/wp\/v2\/posts\/536\/revisions"}],"predecessor-version":[{"id":540,"href":"https:\/\/www.adavaveiro.org\/index.php?rest_route=\/wp\/v2\/posts\/536\/revisions\/540"}],"wp:attachment":[{"href":"https:\/\/www.adavaveiro.org\/index.php?rest_route=%2Fwp%2Fv2%2Fmedia&parent=536"}],"wp:term":[{"taxonomy":"category","embeddable":true,"href":"https:\/\/www.adavaveiro.org\/index.php?rest_route=%2Fwp%2Fv2%2Fcategories&post=536"},{"taxonomy":"post_tag","embeddable":true,"href":"https:\/\/www.adavaveiro.org\/index.php?rest_route=%2Fwp%2Fv2%2Ftags&post=536"}],"curies":[{"name":"wp","href":"https:\/\/api.w.org\/{rel}","templated":true}]}}