{"id":552,"date":"2010-08-19T13:01:26","date_gmt":"2010-08-19T13:01:26","guid":{"rendered":"http:\/\/www.adavaveiro.org\/?p=552"},"modified":"2010-08-19T13:26:23","modified_gmt":"2010-08-19T13:26:23","slug":"natalidade-em-portugal","status":"publish","type":"post","link":"https:\/\/www.adavaveiro.org\/?p=552","title":{"rendered":"Natalidade em Portugal"},"content":{"rendered":"<p><a rel=\"attachment wp-att-560\" href=\"http:\/\/www.adavaveiro.org\/?attachment_id=560\"><img loading=\"lazy\" decoding=\"async\" class=\"alignleft size-thumbnail wp-image-560\" title=\"maee bebe beijinho\" src=\"http:\/\/www.adavaveiro.org\/wp-content\/uploads\/maee-bebe-beijinho1-260x256.jpg\" alt=\"\" width=\"260\" height=\"256\" srcset=\"https:\/\/www.adavaveiro.org\/wp-content\/uploads\/maee-bebe-beijinho1-260x256.jpg 260w, https:\/\/www.adavaveiro.org\/wp-content\/uploads\/maee-bebe-beijinho1-300x295.jpg 300w, https:\/\/www.adavaveiro.org\/wp-content\/uploads\/maee-bebe-beijinho1.jpg 406w\" sizes=\"auto, (max-width: 260px) 100vw, 260px\" \/><\/a><strong>Menos beb\u00e9s em Portugal: situa\u00e7\u00e3o preocupante<\/strong><\/p>\n<p style=\"text-align: left;\">Segundo o <em>Jornal de Not\u00edcias<\/em>\u00a0(27 de Julho de 2010), &#8220;Portugal registou no in\u00edcio do ano a\u00a03\u00aa menor taxa de natalidade dos 27 Estados da Uni\u00e3o Europeia, que em conjunto ultrapassaram a barreira dos 500 milh\u00f5es de habitantes.<br \/>\nSegundo o gabinete de estat\u00edsticas Eurostat, a 1 de Janeiro de 2010, Portugal registou a terceira menor taxa de natalidade entre os 27, ao atingir 9,4 nascimentos por cada 1000 habitantes.&#8221;<\/p>\n<p>mais informa\u00e7\u00e3o: <a href=\"http:\/\/jn.sapo.pt\/PaginaInicial\/Nacional\/Interior.aspx?content_id=1627956\" target=\"_blank\">jornal de not\u00edcias<\/a>;\u00a0<a href=\"http:\/\/diario.iol.pt\/sociedade\/natalidade-portugal-nascimentos-populacao-ue-tvi24\/1180561-4071.html\" target=\"_blank\">jornal i<\/a>; <a href=\"http:\/\/aeiou.expresso.pt\/ue-portugal-tem-terceira-menor-taxa-de-natalidade=f596200\" target=\"_blank\">jornal expresso<\/a><\/p>\n","protected":false},"excerpt":{"rendered":"<p>Menos beb\u00e9s em Portugal: situa\u00e7\u00e3o preocupante Segundo o Jornal de Not\u00edcias\u00a0(27 de Julho de 2010), &#8220;Portugal registou no in\u00edcio do ano a\u00a03\u00aa menor taxa de natalidade dos 27 Estados da Uni\u00e3o Europeia, que em conjunto ultrapassaram a barreira dos 500 &hellip; <a href=\"https:\/\/www.adavaveiro.org\/?p=552\">Continuar a ler <span class=\"meta-nav\">&rarr;<\/span><\/a><\/p>\n","protected":false},"author":1,"featured_media":0,"comment_status":"closed","ping_status":"closed","sticky":false,"template":"","format":"standard","meta":{"footnotes":""},"categories":[9],"tags":[],"class_list":["post-552","post","type-post","status-publish","format-standard","hentry","category-refletir"],"_links":{"self":[{"href":"https:\/\/www.adavaveiro.org\/index.php?rest_route=\/wp\/v2\/posts\/552","targetHints":{"allow":["GET"]}}],"collection":[{"href":"https:\/\/www.adavaveiro.org\/index.php?rest_route=\/wp\/v2\/posts"}],"about":[{"href":"https:\/\/www.adavaveiro.org\/index.php?rest_route=\/wp\/v2\/types\/post"}],"author":[{"embeddable":true,"href":"https:\/\/www.adavaveiro.org\/index.php?rest_route=\/wp\/v2\/users\/1"}],"replies":[{"embeddable":true,"href":"https:\/\/www.adavaveiro.org\/index.php?rest_route=%2Fwp%2Fv2%2Fcomments&post=552"}],"version-history":[{"count":14,"href":"https:\/\/www.adavaveiro.org\/index.php?rest_route=\/wp\/v2\/posts\/552\/revisions"}],"predecessor-version":[{"id":568,"href":"https:\/\/www.adavaveiro.org\/index.php?rest_route=\/wp\/v2\/posts\/552\/revisions\/568"}],"wp:attachment":[{"href":"https:\/\/www.adavaveiro.org\/index.php?rest_route=%2Fwp%2Fv2%2Fmedia&parent=552"}],"wp:term":[{"taxonomy":"category","embeddable":true,"href":"https:\/\/www.adavaveiro.org\/index.php?rest_route=%2Fwp%2Fv2%2Fcategories&post=552"},{"taxonomy":"post_tag","embeddable":true,"href":"https:\/\/www.adavaveiro.org\/index.php?rest_route=%2Fwp%2Fv2%2Ftags&post=552"}],"curies":[{"name":"wp","href":"https:\/\/api.w.org\/{rel}","templated":true}]}}