{"id":614,"date":"2010-09-14T20:28:22","date_gmt":"2010-09-14T20:28:22","guid":{"rendered":"http:\/\/www.adavaveiro.org\/?p=614"},"modified":"2010-09-14T20:51:43","modified_gmt":"2010-09-14T20:51:43","slug":"ha-gente-nova","status":"publish","type":"post","link":"https:\/\/www.adavaveiro.org\/?p=614","title":{"rendered":"h\u00e1 gente nova!"},"content":{"rendered":"<p><a rel=\"attachment wp-att-618\" href=\"http:\/\/www.adavaveiro.org\/?attachment_id=618\"><\/a><\/p>\n<p style=\"text-align: left;\"><a rel=\"attachment wp-att-621\" href=\"http:\/\/www.adavaveiro.org\/?attachment_id=621\"><\/a><a rel=\"attachment wp-att-634\" href=\"http:\/\/www.adavaveiro.org\/?attachment_id=634\"><img loading=\"lazy\" decoding=\"async\" class=\"alignleft size-thumbnail wp-image-634\" title=\"bebes_preto e branco\" src=\"http:\/\/www.adavaveiro.org\/wp-content\/uploads\/bebes_preto-e-branco-260x190.jpg\" alt=\"\" width=\"260\" height=\"190\" srcset=\"https:\/\/www.adavaveiro.org\/wp-content\/uploads\/bebes_preto-e-branco-260x190.jpg 260w, https:\/\/www.adavaveiro.org\/wp-content\/uploads\/bebes_preto-e-branco-300x219.jpg 300w, https:\/\/www.adavaveiro.org\/wp-content\/uploads\/bebes_preto-e-branco.jpg 640w\" sizes=\"auto, (max-width: 260px) 100vw, 260px\" \/><\/a><\/p>\n<p style=\"text-align: left;\">\u00a0<\/p>\n<p style=\"text-align: left;\">V\u00e1rios beb\u00e9s j\u00e1 nasceram e outros v\u00eam a caminho. Algumas mam\u00e3s v\u00e3o ter g\u00e9meos, o que implica tudo a dobrar: ovos; carrinhos; fraldas; mantinhas e len\u00e7olinhos.<\/p>\n<p style=\"text-align: left;\">A generosidade tem sido muita, as doac\u00e7\u00f5es de alguns objectos feitas por pessoas individuais mostram que o sentido da caridade e o valor da solidariedade est\u00e3o presentes!<\/p>\n<p style=\"text-align: left;\">\u00c9 tamb\u00e9m importante saber que as mam\u00e3s que recebem a ajuda da ADAV contribuem igualmente para que outras crian\u00e7as usufruam do que lhes \u00e9 emprestado. Quando deixa de servir, e os beb\u00e9s crescem t\u00e3o depressa!, as mam\u00e3s entregam a roupinha que, em bom estado, ir\u00e1 servir a outros rec\u00e9m-nascidos.<\/p>\n<p>Neste momento, \u00e9 a roupa exterior que faz falta para os primeiros 3 meses de vida! Al\u00e9m dos objectos j\u00e1 referidos.<\/p>\n<p>Aceitamos\u00a0o vosso generoso contributo! Os beb\u00e9s merecem, n\u00e3o \u00e9?!<\/p>\n","protected":false},"excerpt":{"rendered":"<p>\u00a0 V\u00e1rios beb\u00e9s j\u00e1 nasceram e outros v\u00eam a caminho. Algumas mam\u00e3s v\u00e3o ter g\u00e9meos, o que implica tudo a dobrar: ovos; carrinhos; fraldas; mantinhas e len\u00e7olinhos. A generosidade tem sido muita, as doac\u00e7\u00f5es de alguns objectos feitas por pessoas &hellip; <a href=\"https:\/\/www.adavaveiro.org\/?p=614\">Continuar a ler <span class=\"meta-nav\">&rarr;<\/span><\/a><\/p>\n","protected":false},"author":1,"featured_media":0,"comment_status":"closed","ping_status":"closed","sticky":false,"template":"","format":"standard","meta":{"footnotes":""},"categories":[13],"tags":[],"class_list":["post-614","post","type-post","status-publish","format-standard","hentry","category-colaborar"],"_links":{"self":[{"href":"https:\/\/www.adavaveiro.org\/index.php?rest_route=\/wp\/v2\/posts\/614","targetHints":{"allow":["GET"]}}],"collection":[{"href":"https:\/\/www.adavaveiro.org\/index.php?rest_route=\/wp\/v2\/posts"}],"about":[{"href":"https:\/\/www.adavaveiro.org\/index.php?rest_route=\/wp\/v2\/types\/post"}],"author":[{"embeddable":true,"href":"https:\/\/www.adavaveiro.org\/index.php?rest_route=\/wp\/v2\/users\/1"}],"replies":[{"embeddable":true,"href":"https:\/\/www.adavaveiro.org\/index.php?rest_route=%2Fwp%2Fv2%2Fcomments&post=614"}],"version-history":[{"count":27,"href":"https:\/\/www.adavaveiro.org\/index.php?rest_route=\/wp\/v2\/posts\/614\/revisions"}],"predecessor-version":[{"id":616,"href":"https:\/\/www.adavaveiro.org\/index.php?rest_route=\/wp\/v2\/posts\/614\/revisions\/616"}],"wp:attachment":[{"href":"https:\/\/www.adavaveiro.org\/index.php?rest_route=%2Fwp%2Fv2%2Fmedia&parent=614"}],"wp:term":[{"taxonomy":"category","embeddable":true,"href":"https:\/\/www.adavaveiro.org\/index.php?rest_route=%2Fwp%2Fv2%2Fcategories&post=614"},{"taxonomy":"post_tag","embeddable":true,"href":"https:\/\/www.adavaveiro.org\/index.php?rest_route=%2Fwp%2Fv2%2Ftags&post=614"}],"curies":[{"name":"wp","href":"https:\/\/api.w.org\/{rel}","templated":true}]}}