{"id":645,"date":"2010-09-26T16:38:06","date_gmt":"2010-09-26T16:38:06","guid":{"rendered":"http:\/\/www.adavaveiro.org\/?p=645"},"modified":"2010-09-28T20:33:00","modified_gmt":"2010-09-28T20:33:00","slug":"da-solidariedade","status":"publish","type":"post","link":"https:\/\/www.adavaveiro.org\/?p=645","title":{"rendered":"da solidariedade"},"content":{"rendered":"<p>Quem tem seguido o nosso blogue tem-se dado conta de que a Campanha <strong>10 enxovais para 10 beb\u00e9s<\/strong> teve de se estender a mais rec\u00e9m-nascidos cujas mam\u00e3s\u00a0entretanto nos vieram pedir apoio.<br \/>\nA meados de Setembro, fomos chamados a Schoenstatt, onde foi feita uma recolha de bens essenciais para rec\u00e9m-nascidos: desde uma caminha a 3 biberons\u00a0de \u00e1gua, sem esquecer fraldas\u00a00\u00a0meses e muita roupinha, temos de agradecer em nome de quem vai usar tudo o que nos chegou.<\/p>\n<p><a rel=\"attachment wp-att-662\" href=\"http:\/\/www.adavaveiro.org\/?attachment_id=662\"><\/a><a rel=\"attachment wp-att-662\" href=\"http:\/\/www.adavaveiro.org\/?attachment_id=662\"><img loading=\"lazy\" decoding=\"async\" class=\"alignleft size-thumbnail wp-image-662\" title=\"chambrinhos\" src=\"http:\/\/www.adavaveiro.org\/wp-content\/uploads\/chambrinhos-195x260.jpg\" alt=\"\" width=\"195\" height=\"260\" srcset=\"https:\/\/www.adavaveiro.org\/wp-content\/uploads\/chambrinhos-195x260.jpg 195w, https:\/\/www.adavaveiro.org\/wp-content\/uploads\/chambrinhos-225x300.jpg 225w, https:\/\/www.adavaveiro.org\/wp-content\/uploads\/chambrinhos-768x1024.jpg 768w, https:\/\/www.adavaveiro.org\/wp-content\/uploads\/chambrinhos.jpg 960w\" sizes=\"auto, (max-width: 195px) 100vw, 195px\" \/><\/a>\u00c9\u00a0igualmente\u00a0de destacar que a campanha n\u00e3o terminou e h\u00e1 mesmo quem tenha dedicado o Ver\u00e3o a fazer uns chambrinhos e len\u00e7olinhos para os ber\u00e7os de rec\u00e9m-nascidos.<br \/>\nH\u00e1 ainda que sublinhar que nos t\u00eam chegado alguns donativos com a inten\u00e7\u00e3o espec\u00edfica de apoiar esta campanha.<\/p>\n<p>Bem-haja a todos que respondem positivamente a esta campanha de solidariedade num momento de grande alegria, mas tamb\u00e9m de afli\u00e7\u00e3o para as fam\u00edlias que vivem em situa\u00e7\u00e3o de pobreza.<\/p>\n","protected":false},"excerpt":{"rendered":"<p>Quem tem seguido o nosso blogue tem-se dado conta de que a Campanha 10 enxovais para 10 beb\u00e9s teve de se estender a mais rec\u00e9m-nascidos cujas mam\u00e3s\u00a0entretanto nos vieram pedir apoio. A meados de Setembro, fomos chamados a Schoenstatt, onde &hellip; <a href=\"https:\/\/www.adavaveiro.org\/?p=645\">Continuar a ler <span class=\"meta-nav\">&rarr;<\/span><\/a><\/p>\n","protected":false},"author":1,"featured_media":0,"comment_status":"closed","ping_status":"closed","sticky":false,"template":"","format":"standard","meta":{"footnotes":""},"categories":[13],"tags":[],"class_list":["post-645","post","type-post","status-publish","format-standard","hentry","category-colaborar"],"_links":{"self":[{"href":"https:\/\/www.adavaveiro.org\/index.php?rest_route=\/wp\/v2\/posts\/645","targetHints":{"allow":["GET"]}}],"collection":[{"href":"https:\/\/www.adavaveiro.org\/index.php?rest_route=\/wp\/v2\/posts"}],"about":[{"href":"https:\/\/www.adavaveiro.org\/index.php?rest_route=\/wp\/v2\/types\/post"}],"author":[{"embeddable":true,"href":"https:\/\/www.adavaveiro.org\/index.php?rest_route=\/wp\/v2\/users\/1"}],"replies":[{"embeddable":true,"href":"https:\/\/www.adavaveiro.org\/index.php?rest_route=%2Fwp%2Fv2%2Fcomments&post=645"}],"version-history":[{"count":22,"href":"https:\/\/www.adavaveiro.org\/index.php?rest_route=\/wp\/v2\/posts\/645\/revisions"}],"predecessor-version":[{"id":648,"href":"https:\/\/www.adavaveiro.org\/index.php?rest_route=\/wp\/v2\/posts\/645\/revisions\/648"}],"wp:attachment":[{"href":"https:\/\/www.adavaveiro.org\/index.php?rest_route=%2Fwp%2Fv2%2Fmedia&parent=645"}],"wp:term":[{"taxonomy":"category","embeddable":true,"href":"https:\/\/www.adavaveiro.org\/index.php?rest_route=%2Fwp%2Fv2%2Fcategories&post=645"},{"taxonomy":"post_tag","embeddable":true,"href":"https:\/\/www.adavaveiro.org\/index.php?rest_route=%2Fwp%2Fv2%2Ftags&post=645"}],"curies":[{"name":"wp","href":"https:\/\/api.w.org\/{rel}","templated":true}]}}