{"id":686,"date":"2010-10-05T16:25:18","date_gmt":"2010-10-05T16:25:18","guid":{"rendered":"http:\/\/www.adavaveiro.org\/?p=686"},"modified":"2010-11-01T21:14:16","modified_gmt":"2010-11-01T21:14:16","slug":"oito-novos-sorrisos","status":"publish","type":"post","link":"https:\/\/www.adavaveiro.org\/?p=686","title":{"rendered":"oito novos sorrisos"},"content":{"rendered":"<p style=\"text-align: justify;\"><a rel=\"attachment wp-att-618\" href=\"http:\/\/www.adavaveiro.org\/?attachment_id=618\"><img loading=\"lazy\" decoding=\"async\" class=\"alignleft size-full wp-image-618\" title=\"Bebe tomando banho\" src=\"http:\/\/www.adavaveiro.org\/wp-content\/uploads\/Bebe-tomando-banho.gif\" alt=\"\" width=\"208\" height=\"250\" \/><\/a>Parab\u00e9ns!<\/p>\n<p style=\"text-align: justify;\">A Lara, a Mariana, a Leonor, a Yara, o Diogo, a Vera, a Iara e a Ana nasceram entre Julho e Setembro. A In\u00eas e o Tiago est\u00e3o quase a chegar!<\/p>\n<p style=\"text-align: justify;\">Os seus sorrisos valem todo o esfor\u00e7o que as suas mam\u00e3s e fam\u00edlias fazem!<\/p>\n<p style=\"text-align: justify;\">A fam\u00edlia da ADAV Aveiro vai aumentando! E muito gra\u00e7as aos contributos de tantos s\u00f3cios e benfeitores que t\u00eam ajudado.<\/p>\n<p style=\"text-align: justify;\">Parab\u00e9ns!<\/p>\n","protected":false},"excerpt":{"rendered":"<p>Parab\u00e9ns! A Lara, a Mariana, a Leonor, a Yara, o Diogo, a Vera, a Iara e a Ana nasceram entre Julho e Setembro. A In\u00eas e o Tiago est\u00e3o quase a chegar! Os seus sorrisos valem todo o esfor\u00e7o que &hellip; <a href=\"https:\/\/www.adavaveiro.org\/?p=686\">Continuar a ler <span class=\"meta-nav\">&rarr;<\/span><\/a><\/p>\n","protected":false},"author":1,"featured_media":0,"comment_status":"closed","ping_status":"closed","sticky":false,"template":"","format":"standard","meta":{"footnotes":""},"categories":[8],"tags":[],"class_list":["post-686","post","type-post","status-publish","format-standard","hentry","category-comemoracao"],"_links":{"self":[{"href":"https:\/\/www.adavaveiro.org\/index.php?rest_route=\/wp\/v2\/posts\/686","targetHints":{"allow":["GET"]}}],"collection":[{"href":"https:\/\/www.adavaveiro.org\/index.php?rest_route=\/wp\/v2\/posts"}],"about":[{"href":"https:\/\/www.adavaveiro.org\/index.php?rest_route=\/wp\/v2\/types\/post"}],"author":[{"embeddable":true,"href":"https:\/\/www.adavaveiro.org\/index.php?rest_route=\/wp\/v2\/users\/1"}],"replies":[{"embeddable":true,"href":"https:\/\/www.adavaveiro.org\/index.php?rest_route=%2Fwp%2Fv2%2Fcomments&post=686"}],"version-history":[{"count":15,"href":"https:\/\/www.adavaveiro.org\/index.php?rest_route=\/wp\/v2\/posts\/686\/revisions"}],"predecessor-version":[{"id":823,"href":"https:\/\/www.adavaveiro.org\/index.php?rest_route=\/wp\/v2\/posts\/686\/revisions\/823"}],"wp:attachment":[{"href":"https:\/\/www.adavaveiro.org\/index.php?rest_route=%2Fwp%2Fv2%2Fmedia&parent=686"}],"wp:term":[{"taxonomy":"category","embeddable":true,"href":"https:\/\/www.adavaveiro.org\/index.php?rest_route=%2Fwp%2Fv2%2Fcategories&post=686"},{"taxonomy":"post_tag","embeddable":true,"href":"https:\/\/www.adavaveiro.org\/index.php?rest_route=%2Fwp%2Fv2%2Ftags&post=686"}],"curies":[{"name":"wp","href":"https:\/\/api.w.org\/{rel}","templated":true}]}}