{"id":698,"date":"2010-10-11T21:24:44","date_gmt":"2010-10-11T21:24:44","guid":{"rendered":"http:\/\/www.adavaveiro.org\/?p=698"},"modified":"2010-11-27T16:49:45","modified_gmt":"2010-11-27T16:49:45","slug":"direitos-das-criancas","status":"publish","type":"post","link":"https:\/\/www.adavaveiro.org\/?p=698","title":{"rendered":"direitos das crian\u00e7as"},"content":{"rendered":"<p><a rel=\"attachment wp-att-701\" href=\"http:\/\/www.adavaveiro.org\/?attachment_id=701\"><img loading=\"lazy\" decoding=\"async\" class=\"alignleft size-thumbnail wp-image-701\" title=\"bebe numa folha\" src=\"http:\/\/www.adavaveiro.org\/wp-content\/uploads\/bebe-numa-folha-260x150.jpg\" alt=\"\" width=\"444\" height=\"255\" \/><\/a>1- Todas as crian\u00e7as s\u00e3o iguais e t\u00eam os mesmo direitos, n\u00e3o importa a cor, ra\u00e7a, sexo, religi\u00e3o, origem social ou nacionalidade.<\/p>\n<p>2- Todas as crian\u00e7as devem ser protegidas pela fam\u00edlia, pela sociedade e pelo Estado, para que possam desenvolver-se f\u00edsica e intelectualmente.<\/p>\n<p>3- Todas as crian\u00e7as t\u00eam direito a um nome e a uma nacionalidade.<\/p>\n<p>4- Todas as crian\u00e7as t\u00eam direito a alimenta\u00e7\u00e3o e ao atendimento m\u00e9dico, antes e depois do seu nascimento. Esse direito tamb\u00e9m se aplica \u00e0 sua m\u00e3e.<\/p>\n<p>5- As crian\u00e7as portadoras de dificuldades especiais, f\u00edsicas ou mentais, t\u00eam o direito a educa\u00e7\u00e3o e cuidados especiais.<\/p>\n<p>6- Todas as crian\u00e7as t\u00eam direito ao amor e \u00e0 compreens\u00e3o dos pais e da sociedade.<\/p>\n<p>7- Todas as crian\u00e7as t\u00eam direito \u00e0 educa\u00e7\u00e3o gratuita e ao lazer.<\/p>\n<p>8- Todas as crian\u00e7as t\u00eam direito de ser socorridas em primeiro lugar em caso de acidentes ou cat\u00e1strofes.<\/p>\n<p>9- Todas as crian\u00e7as devem ser protegidas contra o abandono e a explora\u00e7\u00e3o no trabalho.<\/p>\n<p>10- Todas as crian\u00e7as t\u00eam o direito de crescer em ambiente de solidariedade, compreens\u00e3o, amizade e justi\u00e7a entre os povos.<\/p>\n<p><span style=\"color: #006600;\"><strong>da<em> Conven\u00e7\u00e3o sobre os Direitos da Crian\u00e7a<\/em>, adoptada a 20 de Novembro de 1989 pela Assembleia-Geral das Na\u00e7\u00f5es Unidas<\/strong><\/span><\/p>\n","protected":false},"excerpt":{"rendered":"<p>1- Todas as crian\u00e7as s\u00e3o iguais e t\u00eam os mesmo direitos, n\u00e3o importa a cor, ra\u00e7a, sexo, religi\u00e3o, origem social ou nacionalidade. 2- Todas as crian\u00e7as devem ser protegidas pela fam\u00edlia, pela sociedade e pelo Estado, para que possam desenvolver-se &hellip; <a href=\"https:\/\/www.adavaveiro.org\/?p=698\">Continuar a ler <span class=\"meta-nav\">&rarr;<\/span><\/a><\/p>\n","protected":false},"author":1,"featured_media":0,"comment_status":"closed","ping_status":"closed","sticky":false,"template":"","format":"standard","meta":{"footnotes":""},"categories":[9],"tags":[],"class_list":["post-698","post","type-post","status-publish","format-standard","hentry","category-refletir"],"_links":{"self":[{"href":"https:\/\/www.adavaveiro.org\/index.php?rest_route=\/wp\/v2\/posts\/698","targetHints":{"allow":["GET"]}}],"collection":[{"href":"https:\/\/www.adavaveiro.org\/index.php?rest_route=\/wp\/v2\/posts"}],"about":[{"href":"https:\/\/www.adavaveiro.org\/index.php?rest_route=\/wp\/v2\/types\/post"}],"author":[{"embeddable":true,"href":"https:\/\/www.adavaveiro.org\/index.php?rest_route=\/wp\/v2\/users\/1"}],"replies":[{"embeddable":true,"href":"https:\/\/www.adavaveiro.org\/index.php?rest_route=%2Fwp%2Fv2%2Fcomments&post=698"}],"version-history":[{"count":30,"href":"https:\/\/www.adavaveiro.org\/index.php?rest_route=\/wp\/v2\/posts\/698\/revisions"}],"predecessor-version":[{"id":907,"href":"https:\/\/www.adavaveiro.org\/index.php?rest_route=\/wp\/v2\/posts\/698\/revisions\/907"}],"wp:attachment":[{"href":"https:\/\/www.adavaveiro.org\/index.php?rest_route=%2Fwp%2Fv2%2Fmedia&parent=698"}],"wp:term":[{"taxonomy":"category","embeddable":true,"href":"https:\/\/www.adavaveiro.org\/index.php?rest_route=%2Fwp%2Fv2%2Fcategories&post=698"},{"taxonomy":"post_tag","embeddable":true,"href":"https:\/\/www.adavaveiro.org\/index.php?rest_route=%2Fwp%2Fv2%2Ftags&post=698"}],"curies":[{"name":"wp","href":"https:\/\/api.w.org\/{rel}","templated":true}]}}