{"id":742,"date":"2010-10-19T13:03:19","date_gmt":"2010-10-19T13:03:19","guid":{"rendered":"http:\/\/www.adavaveiro.org\/?p=742"},"modified":"2010-10-19T13:13:10","modified_gmt":"2010-10-19T13:13:10","slug":"assembleia-geral","status":"publish","type":"post","link":"https:\/\/www.adavaveiro.org\/?p=742","title":{"rendered":"Assembleia Geral"},"content":{"rendered":"<p style=\"text-align: left;\"><a rel=\"attachment wp-att-748\" href=\"http:\/\/www.adavaveiro.org\/?attachment_id=748\"><img loading=\"lazy\" decoding=\"async\" class=\"alignleft size-thumbnail wp-image-748\" title=\"Bebes1\" src=\"http:\/\/www.adavaveiro.org\/wp-content\/uploads\/Bebes1-260x199.jpg\" alt=\"\" width=\"260\" height=\"199\" srcset=\"https:\/\/www.adavaveiro.org\/wp-content\/uploads\/Bebes1-260x199.jpg 260w, https:\/\/www.adavaveiro.org\/wp-content\/uploads\/Bebes1-300x229.jpg 300w, https:\/\/www.adavaveiro.org\/wp-content\/uploads\/Bebes1.jpg 320w\" sizes=\"auto, (max-width: 260px) 100vw, 260px\" \/><\/a><\/p>\n<p style=\"text-align: left;\">\n<p style=\"text-align: left;\">\n<p style=\"text-align: left;\">\n<p style=\"text-align: left;\">\n<p style=\"text-align: left;\">\n<p style=\"text-align: left;\">\n<p style=\"text-align: left;\">\n<p style=\"text-align: left;\">\n<p style=\"text-align: left;\">\n<p style=\"text-align: left;\">\n<p style=\"text-align: left;\">\n<p style=\"text-align: left;\">\n<p style=\"text-align: left;\">No dia 25 de Outubro\/2010, pelas 21h00, na SEDE da ADAV, re\u00fanem-se em Assembleia Geral os S\u00f3cios da Associa\u00e7\u00e3o, para dar cumprimento \u00e0 seguinte ordem de trabalhos:<\/p>\n<p style=\"text-align: left;\">1. Leitura e aprova\u00e7\u00e3o da acta da \u00faltima Assembleia Geral<\/p>\n<p style=\"text-align: left;\">2. Apreciar, discutir e votar o Plano de Actividades e o Or\u00e7amento para 2011<\/p>\n<p style=\"text-align: left;\">3. Tratar de outros assuntos de interesse para a Associa\u00e7\u00e3o.<\/p>\n","protected":false},"excerpt":{"rendered":"<p>No dia 25 de Outubro\/2010, pelas 21h00, na SEDE da ADAV, re\u00fanem-se em Assembleia Geral os S\u00f3cios da Associa\u00e7\u00e3o, para dar cumprimento \u00e0 seguinte ordem de trabalhos: 1. Leitura e aprova\u00e7\u00e3o da acta da \u00faltima Assembleia Geral 2. Apreciar, discutir &hellip; <a href=\"https:\/\/www.adavaveiro.org\/?p=742\">Continuar a ler <span class=\"meta-nav\">&rarr;<\/span><\/a><\/p>\n","protected":false},"author":1,"featured_media":0,"comment_status":"closed","ping_status":"closed","sticky":false,"template":"","format":"standard","meta":{"footnotes":""},"categories":[9],"tags":[],"class_list":["post-742","post","type-post","status-publish","format-standard","hentry","category-refletir"],"_links":{"self":[{"href":"https:\/\/www.adavaveiro.org\/index.php?rest_route=\/wp\/v2\/posts\/742","targetHints":{"allow":["GET"]}}],"collection":[{"href":"https:\/\/www.adavaveiro.org\/index.php?rest_route=\/wp\/v2\/posts"}],"about":[{"href":"https:\/\/www.adavaveiro.org\/index.php?rest_route=\/wp\/v2\/types\/post"}],"author":[{"embeddable":true,"href":"https:\/\/www.adavaveiro.org\/index.php?rest_route=\/wp\/v2\/users\/1"}],"replies":[{"embeddable":true,"href":"https:\/\/www.adavaveiro.org\/index.php?rest_route=%2Fwp%2Fv2%2Fcomments&post=742"}],"version-history":[{"count":24,"href":"https:\/\/www.adavaveiro.org\/index.php?rest_route=\/wp\/v2\/posts\/742\/revisions"}],"predecessor-version":[{"id":768,"href":"https:\/\/www.adavaveiro.org\/index.php?rest_route=\/wp\/v2\/posts\/742\/revisions\/768"}],"wp:attachment":[{"href":"https:\/\/www.adavaveiro.org\/index.php?rest_route=%2Fwp%2Fv2%2Fmedia&parent=742"}],"wp:term":[{"taxonomy":"category","embeddable":true,"href":"https:\/\/www.adavaveiro.org\/index.php?rest_route=%2Fwp%2Fv2%2Fcategories&post=742"},{"taxonomy":"post_tag","embeddable":true,"href":"https:\/\/www.adavaveiro.org\/index.php?rest_route=%2Fwp%2Fv2%2Ftags&post=742"}],"curies":[{"name":"wp","href":"https:\/\/api.w.org\/{rel}","templated":true}]}}