{"id":785,"date":"2010-10-22T11:10:02","date_gmt":"2010-10-22T11:10:02","guid":{"rendered":"http:\/\/www.adavaveiro.org\/?p=785"},"modified":"2011-04-21T17:43:22","modified_gmt":"2011-04-21T17:43:22","slug":"basta-pensar-nos-seus-sorrisos","status":"publish","type":"post","link":"https:\/\/www.adavaveiro.org\/?p=785","title":{"rendered":"basta pensar nos seus sorrisos"},"content":{"rendered":"<p><a rel=\"attachment wp-att-794\" href=\"http:\/\/www.adavaveiro.org\/?attachment_id=794\"><img loading=\"lazy\" decoding=\"async\" class=\"alignleft size-thumbnail wp-image-794\" title=\"embrulhinho\" src=\"http:\/\/www.adavaveiro.org\/wp-content\/uploads\/embrulhinho-260x195.jpg\" alt=\"\" width=\"260\" height=\"195\" srcset=\"https:\/\/www.adavaveiro.org\/wp-content\/uploads\/embrulhinho-260x195.jpg 260w, https:\/\/www.adavaveiro.org\/wp-content\/uploads\/embrulhinho-300x225.jpg 300w, https:\/\/www.adavaveiro.org\/wp-content\/uploads\/embrulhinho-1024x768.jpg 1024w, https:\/\/www.adavaveiro.org\/wp-content\/uploads\/embrulhinho.jpg 1280w\" sizes=\"auto, (max-width: 260px) 100vw, 260px\" \/><\/a><a rel=\"attachment wp-att-803\" href=\"http:\/\/www.adavaveiro.org\/?attachment_id=803\"><img loading=\"lazy\" decoding=\"async\" class=\"alignleft size-thumbnail wp-image-803\" title=\"conteudo do embrulhinho\" src=\"http:\/\/www.adavaveiro.org\/wp-content\/uploads\/conteudo-do-embrulhinho-260x195.jpg\" alt=\"\" width=\"260\" height=\"195\" srcset=\"https:\/\/www.adavaveiro.org\/wp-content\/uploads\/conteudo-do-embrulhinho-260x195.jpg 260w, https:\/\/www.adavaveiro.org\/wp-content\/uploads\/conteudo-do-embrulhinho-300x225.jpg 300w, https:\/\/www.adavaveiro.org\/wp-content\/uploads\/conteudo-do-embrulhinho-1024x768.jpg 1024w, https:\/\/www.adavaveiro.org\/wp-content\/uploads\/conteudo-do-embrulhinho.jpg 1280w\" sizes=\"auto, (max-width: 260px) 100vw, 260px\" \/><\/a>H\u00e1 uns tempos, algu\u00e9m que muito tem apoiado os beb\u00e9s que a ADAV ajuda dizia que n\u00e3o temos de lhe agradecer. Basta-lhe imaginar os sorrisos dos beb\u00e9s e o conforto que eles ir\u00e3o sentir quando as suas mam\u00e3s lhes vestirem as roupinhas e os cobrirem com as fraldinhas bordadas.<\/p>\n<p>Este esp\u00edrito est\u00e1 certamente em tanta gente que se tem dirigido ao Movimento Schoenstatt, na Gafanha da Nazar\u00e9, atrav\u00e9s do qual nos chegaram recentemente v\u00e1rios enxovais com len\u00e7ol de cama, mantinha, toalah de banho, carapins babygrow, fato interior e babetes.<\/p>\n<p>Do mesmo s\u00edtio, tamb\u00e9m nos chegaram banheiras, carrinhos e outros acess\u00f3rios necess\u00e1rios para a 1.\u00aa inf\u00e2ncia.<\/p>\n<p>Bem-haja a quem percebe que &#8220;o melhor do mundo s\u00e3o as crian\u00e7as&#8221;, como diz Fernando Pessoa, e que a melhor recompensa est\u00e1 em dar e n\u00e3o em receber.<\/p>\n","protected":false},"excerpt":{"rendered":"<p>H\u00e1 uns tempos, algu\u00e9m que muito tem apoiado os beb\u00e9s que a ADAV ajuda dizia que n\u00e3o temos de lhe agradecer. Basta-lhe imaginar os sorrisos dos beb\u00e9s e o conforto que eles ir\u00e3o sentir quando as suas mam\u00e3s lhes vestirem &hellip; <a href=\"https:\/\/www.adavaveiro.org\/?p=785\">Continuar a ler <span class=\"meta-nav\">&rarr;<\/span><\/a><\/p>\n","protected":false},"author":1,"featured_media":0,"comment_status":"closed","ping_status":"closed","sticky":false,"template":"","format":"standard","meta":{"footnotes":""},"categories":[13],"tags":[],"class_list":["post-785","post","type-post","status-publish","format-standard","hentry","category-colaborar"],"_links":{"self":[{"href":"https:\/\/www.adavaveiro.org\/index.php?rest_route=\/wp\/v2\/posts\/785","targetHints":{"allow":["GET"]}}],"collection":[{"href":"https:\/\/www.adavaveiro.org\/index.php?rest_route=\/wp\/v2\/posts"}],"about":[{"href":"https:\/\/www.adavaveiro.org\/index.php?rest_route=\/wp\/v2\/types\/post"}],"author":[{"embeddable":true,"href":"https:\/\/www.adavaveiro.org\/index.php?rest_route=\/wp\/v2\/users\/1"}],"replies":[{"embeddable":true,"href":"https:\/\/www.adavaveiro.org\/index.php?rest_route=%2Fwp%2Fv2%2Fcomments&post=785"}],"version-history":[{"count":23,"href":"https:\/\/www.adavaveiro.org\/index.php?rest_route=\/wp\/v2\/posts\/785\/revisions"}],"predecessor-version":[{"id":1516,"href":"https:\/\/www.adavaveiro.org\/index.php?rest_route=\/wp\/v2\/posts\/785\/revisions\/1516"}],"wp:attachment":[{"href":"https:\/\/www.adavaveiro.org\/index.php?rest_route=%2Fwp%2Fv2%2Fmedia&parent=785"}],"wp:term":[{"taxonomy":"category","embeddable":true,"href":"https:\/\/www.adavaveiro.org\/index.php?rest_route=%2Fwp%2Fv2%2Fcategories&post=785"},{"taxonomy":"post_tag","embeddable":true,"href":"https:\/\/www.adavaveiro.org\/index.php?rest_route=%2Fwp%2Fv2%2Ftags&post=785"}],"curies":[{"name":"wp","href":"https:\/\/api.w.org\/{rel}","templated":true}]}}