{"id":814,"date":"2010-11-01T21:11:30","date_gmt":"2010-11-01T21:11:30","guid":{"rendered":"http:\/\/www.adavaveiro.org\/?p=814"},"modified":"2010-11-27T16:15:08","modified_gmt":"2010-11-27T16:15:08","slug":"plano-para-2011","status":"publish","type":"post","link":"https:\/\/www.adavaveiro.org\/?p=814","title":{"rendered":"plano para 2011"},"content":{"rendered":"<p><a rel=\"attachment wp-att-748\" href=\"http:\/\/www.adavaveiro.org\/?attachment_id=748\"><img loading=\"lazy\" decoding=\"async\" class=\"alignleft size-thumbnail wp-image-748\" title=\"Bebes1\" src=\"http:\/\/www.adavaveiro.org\/wp-content\/uploads\/Bebes1-260x199.jpg\" alt=\"\" width=\"260\" height=\"199\" srcset=\"https:\/\/www.adavaveiro.org\/wp-content\/uploads\/Bebes1-260x199.jpg 260w, https:\/\/www.adavaveiro.org\/wp-content\/uploads\/Bebes1-300x229.jpg 300w, https:\/\/www.adavaveiro.org\/wp-content\/uploads\/Bebes1.jpg 320w\" sizes=\"auto, (max-width: 260px) 100vw, 260px\" \/><\/a>Foi aprovado o nosso Plano de Actividades para 2011 pela Assembleia Geral da Adav Aveiro, no dia 25 de Outubro de 2010.<\/p>\n<p>1.\u00a0\u00a0\u00a0\u00a0 <strong><em>Projecto Nascer<\/em><\/strong><em>:<\/em><\/p>\n<p><em> <\/em><\/p>\n<p>&#8211; Reunir condi\u00e7\u00f5es para contratar t\u00e9cnica a tempo parcial;<\/p>\n<p>&#8211; Ampliar a equipa de volunt\u00e1rios e prosseguir as actividades de forma\u00e7\u00e3o;<\/p>\n<p>&#8211; Consolidar o grupo especializado de volunt\u00e1rios que presta apoio cl\u00ednico e jur\u00eddico;<\/p>\n<p>&#8211; Continuar processo de estabelecimento de acordos com empresas que permitam obter produtos de primeira necessidade (fraldas, leite para beb\u00e9, etc.);<\/p>\n<p>&#8211; Alargar o hor\u00e1rio do gabinete de atendimento;<\/p>\n<p>&#8211; Divulgar o servi\u00e7o de apoio \u00e0 gr\u00e1vida em risco;<\/p>\n<p>&#8211; Ampliar e refor\u00e7ar formas de colabora\u00e7\u00e3o com outras institui\u00e7\u00f5es da cidade e da regi\u00e3o.<\/p>\n<p>2.\u00a0\u00a0\u00a0\u00a0 <strong><em>Projecto Crescer<\/em><\/strong><em>:<\/em><\/p>\n<p><em> <\/em><\/p>\n<p>&#8211; Estabelecer protocolos com entidades de forma\u00e7\u00e3o, a fim de assegurar a promo\u00e7\u00e3o estruturada de ac\u00e7\u00f5es de forma\u00e7\u00e3o coerentes com a matriz defendida pela ADAV;<\/p>\n<p>&#8211; Promover actividades de prepara\u00e7\u00e3o para o parto e para a maternidade e paternidade respons\u00e1veis;<\/p>\n<p>&#8211; Colaborar com outras entidades na organiza\u00e7\u00e3o de confer\u00eancias e col\u00f3quios.<\/p>\n<p>3.\u00a0\u00a0\u00a0\u00a0 <strong>Expans\u00e3o da ADAV Aveiro<\/strong>:<\/p>\n<p>&#8211; Ampliar o n\u00famero de associados;<\/p>\n<p>&#8211; Refor\u00e7ar o grupo de empresas amigas da ADAV que no quadro da lei fiscal contribuam com donativos anuais;<\/p>\n<p>&#8211; Consolidar n\u00facleos da associa\u00e7\u00e3o nos concelhos lim\u00edtrofes de Aveiro;<\/p>\n<p>&#8211; Estruturar a colabora\u00e7\u00e3o regular nos \u00f3rg\u00e3os de informa\u00e7\u00e3o regional;<\/p>\n<p>&#8211; Organizar e participar em actividades que permitam angariar fundos e novos s\u00f3cios (concerto de Ano Novo, Feira Social, jantar, campanhas de angaria\u00e7\u00e3o de s\u00f3cios e benfeitores, etc.);<\/p>\n<p>&#8211; Refor\u00e7ar as estrat\u00e9gias de comunica\u00e7\u00e3o com os s\u00f3cios da ADAV;<\/p>\n<p>&#8211; Actualizar informa\u00e7\u00e3o presente no <em>site <\/em>da ADAV (www.adavaveiro.org);<\/p>\n<p>&#8211; Colaborar com a <em>Federa\u00e7\u00e3o Portuguesa pela Vida;<\/em><\/p>\n<p>&#8211; Ampliar o n\u00famero de espa\u00e7os dispon\u00edveis para ac\u00e7\u00f5es da ADAV.<\/p>\n<p><em> <\/em><\/p>\n","protected":false},"excerpt":{"rendered":"<p>Foi aprovado o nosso Plano de Actividades para 2011 pela Assembleia Geral da Adav Aveiro, no dia 25 de Outubro de 2010. 1.\u00a0\u00a0\u00a0\u00a0 Projecto Nascer: &#8211; Reunir condi\u00e7\u00f5es para contratar t\u00e9cnica a tempo parcial; &#8211; Ampliar a equipa de volunt\u00e1rios &hellip; <a href=\"https:\/\/www.adavaveiro.org\/?p=814\">Continuar a ler <span class=\"meta-nav\">&rarr;<\/span><\/a><\/p>\n","protected":false},"author":1,"featured_media":0,"comment_status":"closed","ping_status":"closed","sticky":false,"template":"","format":"standard","meta":{"footnotes":""},"categories":[13],"tags":[],"class_list":["post-814","post","type-post","status-publish","format-standard","hentry","category-colaborar"],"_links":{"self":[{"href":"https:\/\/www.adavaveiro.org\/index.php?rest_route=\/wp\/v2\/posts\/814","targetHints":{"allow":["GET"]}}],"collection":[{"href":"https:\/\/www.adavaveiro.org\/index.php?rest_route=\/wp\/v2\/posts"}],"about":[{"href":"https:\/\/www.adavaveiro.org\/index.php?rest_route=\/wp\/v2\/types\/post"}],"author":[{"embeddable":true,"href":"https:\/\/www.adavaveiro.org\/index.php?rest_route=\/wp\/v2\/users\/1"}],"replies":[{"embeddable":true,"href":"https:\/\/www.adavaveiro.org\/index.php?rest_route=%2Fwp%2Fv2%2Fcomments&post=814"}],"version-history":[{"count":14,"href":"https:\/\/www.adavaveiro.org\/index.php?rest_route=\/wp\/v2\/posts\/814\/revisions"}],"predecessor-version":[{"id":863,"href":"https:\/\/www.adavaveiro.org\/index.php?rest_route=\/wp\/v2\/posts\/814\/revisions\/863"}],"wp:attachment":[{"href":"https:\/\/www.adavaveiro.org\/index.php?rest_route=%2Fwp%2Fv2%2Fmedia&parent=814"}],"wp:term":[{"taxonomy":"category","embeddable":true,"href":"https:\/\/www.adavaveiro.org\/index.php?rest_route=%2Fwp%2Fv2%2Fcategories&post=814"},{"taxonomy":"post_tag","embeddable":true,"href":"https:\/\/www.adavaveiro.org\/index.php?rest_route=%2Fwp%2Fv2%2Ftags&post=814"}],"curies":[{"name":"wp","href":"https:\/\/api.w.org\/{rel}","templated":true}]}}