{"id":829,"date":"2010-11-07T18:17:31","date_gmt":"2010-11-07T18:17:31","guid":{"rendered":"http:\/\/www.adavaveiro.org\/?p=829"},"modified":"2021-12-20T11:00:16","modified_gmt":"2021-12-20T11:00:16","slug":"comunicado-da-associacao-portuguesa-de-familias-numerosas","status":"publish","type":"post","link":"https:\/\/www.adavaveiro.org\/?p=829","title":{"rendered":"comunicado da Associa\u00e7\u00e3o Portuguesa de Fam\u00edlias Numerosas"},"content":{"rendered":"<p><span style=\"font-family: Arial;\"><\/span><\/p>\n<p><a rel=\"attachment wp-att-835\" href=\"http:\/\/www.adavaveiro.org\/?attachment_id=835\"><img loading=\"lazy\" decoding=\"async\" class=\"alignleft size-full wp-image-835\" title=\"logo_Ass Familias Numerosas\" src=\"http:\/\/www.adavaveiro.org\/wp-content\/uploads\/2010\/11\/logo_Ass-Familias-Numerosas.jpg\" alt=\"\" width=\"218\" height=\"151\"><\/a><\/p>\n<p>Mais um tiro contra a fam\u00edlia, a natalidade e o futuro do pa\u00eds!<\/p>\n<p>Comunicado<br \/>\n_____<\/p>\n<p>As recentes altera\u00e7\u00f5es \u00e0s regras e montantes atribu\u00eddos em sede de apoios sociais s\u00e3o mais um clar\u00edssimo atentado \u00e0s fam\u00edlias com filhos.<\/p>\n<p>Lembramos que:<\/p>\n<ul>\n<li>Em Portugal, as fam\u00edlias com filhos a cargo, em especial as fam\u00edlias numerosas, s\u00e3o as que t\u00eam maiores \u00edndices de pobreza e s\u00e3o as que sofrem mais priva\u00e7\u00f5es econ\u00f3micas &#8211; todos os indicadores o mostram claramente;<\/li>\n<li>S\u00e3o tamb\u00e9m as mais vulner\u00e1veis a altera\u00e7\u00f5es nos rendimentos da fam\u00edlia motivadas por situa\u00e7\u00f5es de baixa de sal\u00e1rios, desemprego, doen\u00e7a e outras;<\/li>\n<li>Contudo, todas as altera\u00e7\u00f5es j\u00e1 aprovadas e em projecto v\u00eam diminuir de forma particularmente acentuada e desproporcional em rela\u00e7\u00e3o aos outros agregados o rendimento per capita dispon\u00edvel.<\/li>\n<li>Portanto: N\u00e3o existe, neste momento, nas actuais pol\u00edticas qualquer preocupa\u00e7\u00e3o de equidade no tratamento das fam\u00edlias com filhos, em especial das fam\u00edlias numerosas.<\/li>\n<\/ul>\n<p>As altera\u00e7\u00f5es introduzidas ao n\u00edvel das presta\u00e7\u00f5es sofrem ainda de uma clara m\u00e1 avalia\u00e7\u00e3o, pois:<\/p>\n<p>1. Ao alterar na forma a capita\u00e7\u00e3o do rendimento, &#8220;enriquecendo&#8221; de forma artificial as fam\u00edlias com filhos, tanto mais quanto maior o seu n\u00famero, vai fazer com que, com o mesmo rendimento, a grande maioria dos agregados subam de escal\u00e3o, deixando muito deles de receber quaisquer presta\u00e7\u00f5es &#8211; sendo que a grande maioria destes agregados n\u00e3o s\u00e3o ricos nem t\u00eam folgas financeiras;<\/p>\n<p>2. Passam a entrar em linha de conta com uma s\u00e9rie de rendimentos presumidos &#8211; rendimentos que n\u00e3o existem mas que o Estado define que \u00e9 como se existissem;<\/p>\n<p>3. Fam\u00edlias que adoptem comportamentos que deveriam ser de encorajar e proteger s\u00e3o brutalmente penalizadas: exemplo disso s\u00e3o as fam\u00edlias que, tendo o mesmo rendimento que outras, fizeram uma gest\u00e3o muito criteriosa dos seus recursos e conseguiram poupar ou aquelas que decidiram acolher em casa os seus av\u00f3s. Em ambas as situa\u00e7\u00f5es, para estas fam\u00edlias as actuais altera\u00e7\u00f5es v\u00e3o representar ou a diminui\u00e7\u00e3o ou a perca das presta\u00e7\u00f5es.<\/p>\n<p>Sendo Portugal o pa\u00eds no Mundo que est\u00e1 a envelhecer mais rapidamente e constituindo este aspecto um factor de grande redu\u00e7\u00e3o da sustentabilidade econ\u00f3mica e social do pa\u00eds, comprometendo de forma particularmente grave o futuro, mais dif\u00edcil se torna compreender como n\u00e3o s\u00f3 n\u00e3o se assiste \u00e0 constru\u00e7\u00e3o de um plano que permita alterar este estado de coisas como, pelo contr\u00e1rio, as fam\u00edlias com filhos, em particular as numerosas, aquelas que, contra tudo e contra todos, ainda d\u00e3o algum sentido \u00e0 palavra &#8220;Futuro&#8221;, sejam especialmente sobrecarregadas com o \u00f3nus da actual situa\u00e7\u00e3o.<\/p>\n<p>Assim, tendo em conta que:<\/p>\n<ul>\n<li>as fam\u00edlias numerosas representam apenas cerca de 4,5% dos agregados familiares, mas que t\u00eam 25% das crian\u00e7as e jovens do pa\u00eds a seu cargo;<\/li>\n<li>s\u00e3o os agregados que sofrem mais restri\u00e7\u00f5es financeiras, sendo penalizadas em diversos \u00e2mbitos;<\/li>\n<li>s\u00e3o as mais vulner\u00e1veis a situa\u00e7\u00f5es de crise;<\/li>\n<\/ul>\n<p>exige-se que o Governo explique porque raz\u00e3o s\u00e3o elas as que, de forma desproporcional, mais v\u00e3o sofrer com todas as altera\u00e7\u00f5es que est\u00e3o a ser introduzidas, comprometendo seriamente o futuro do pa\u00eds.<\/p>\n<p>Lisboa, 1 de Novembro de 2010<\/p>\n<p>APFN &#8211; Associa\u00e7\u00e3o Portuguesa de Fam\u00edlias Numerosas<br \/>\nRua Jos\u00e9 Calheiros, 15<br \/>\n1400-229 Lisboa<br \/>\nTel: 217 552 603 &#8211; 919 259 666 &#8211; 917 219 197<br \/>\nFax: 217 552 604<br \/>\n_____<\/p>\n<p>Para saber mais:<\/p>\n<p>* &nbsp; &nbsp; &nbsp; Sobre a APFN, visite o site <a href=\"http:\/\/www.apfn.com.pt\/\" target=\"_blank\" rel=\"noopener\">http:\/\/www.apfn.com.pt<\/a> e o nosso canal no YouTube <a href=\"http:\/\/www.youtube.com\/apfnpt\" target=\"_blank\" rel=\"noopener\">http:\/\/www.youtube.com\/apfnpt<\/a>;<\/p>\n","protected":false},"excerpt":{"rendered":"<p>Mais um tiro contra a fam\u00edlia, a natalidade e o futuro do pa\u00eds! Comunicado _____ As recentes altera\u00e7\u00f5es \u00e0s regras e montantes atribu\u00eddos em sede de apoios sociais s\u00e3o mais um clar\u00edssimo atentado \u00e0s fam\u00edlias com filhos. Lembramos que: Em &hellip; <a href=\"https:\/\/www.adavaveiro.org\/?p=829\">Continuar a ler <span class=\"meta-nav\">&rarr;<\/span><\/a><\/p>\n","protected":false},"author":1,"featured_media":0,"comment_status":"closed","ping_status":"open","sticky":false,"template":"","format":"standard","meta":{"footnotes":""},"categories":[20],"tags":[],"class_list":["post-829","post","type-post","status-publish","format-standard","hentry","category-informacao"],"_links":{"self":[{"href":"https:\/\/www.adavaveiro.org\/index.php?rest_route=\/wp\/v2\/posts\/829","targetHints":{"allow":["GET"]}}],"collection":[{"href":"https:\/\/www.adavaveiro.org\/index.php?rest_route=\/wp\/v2\/posts"}],"about":[{"href":"https:\/\/www.adavaveiro.org\/index.php?rest_route=\/wp\/v2\/types\/post"}],"author":[{"embeddable":true,"href":"https:\/\/www.adavaveiro.org\/index.php?rest_route=\/wp\/v2\/users\/1"}],"replies":[{"embeddable":true,"href":"https:\/\/www.adavaveiro.org\/index.php?rest_route=%2Fwp%2Fv2%2Fcomments&post=829"}],"version-history":[{"count":14,"href":"https:\/\/www.adavaveiro.org\/index.php?rest_route=\/wp\/v2\/posts\/829\/revisions"}],"predecessor-version":[{"id":3872,"href":"https:\/\/www.adavaveiro.org\/index.php?rest_route=\/wp\/v2\/posts\/829\/revisions\/3872"}],"wp:attachment":[{"href":"https:\/\/www.adavaveiro.org\/index.php?rest_route=%2Fwp%2Fv2%2Fmedia&parent=829"}],"wp:term":[{"taxonomy":"category","embeddable":true,"href":"https:\/\/www.adavaveiro.org\/index.php?rest_route=%2Fwp%2Fv2%2Fcategories&post=829"},{"taxonomy":"post_tag","embeddable":true,"href":"https:\/\/www.adavaveiro.org\/index.php?rest_route=%2Fwp%2Fv2%2Ftags&post=829"}],"curies":[{"name":"wp","href":"https:\/\/api.w.org\/{rel}","templated":true}]}}