{"id":840,"date":"2010-11-21T17:33:51","date_gmt":"2010-11-21T17:33:51","guid":{"rendered":"http:\/\/www.adavaveiro.org\/?p=840"},"modified":"2011-04-21T17:43:39","modified_gmt":"2011-04-21T17:43:39","slug":"algumas-mudancas","status":"publish","type":"post","link":"https:\/\/www.adavaveiro.org\/?p=840","title":{"rendered":"algumas mudan\u00e7as"},"content":{"rendered":"<p><a rel=\"attachment wp-att-841\" href=\"http:\/\/www.adavaveiro.org\/?attachment_id=841\"><img loading=\"lazy\" decoding=\"async\" class=\"alignleft size-full wp-image-841\" title=\"dessin-20bebe4\" src=\"http:\/\/www.adavaveiro.org\/wp-content\/uploads\/2010\/11\/dessin-20bebe4.gif\" alt=\"\" width=\"171\" height=\"230\" \/><\/a>Em breve daremos conta do novo hor\u00e1rio.<\/p>\n<p>Gra\u00e7as \u00e0 participa\u00e7\u00e3o de mais volunt\u00e1rias, vamos poder ter a sede aberta nalguns dias da parte da tarde.<\/p>\n<p>Continuamos com grande movimento de utentes cujos beb\u00e9s est\u00e3o a crescer com sa\u00fade e com o apoio de s\u00f3cios, benfeitores e volunt\u00e1rios.<\/p>\n","protected":false},"excerpt":{"rendered":"<p>Em breve daremos conta do novo hor\u00e1rio. Gra\u00e7as \u00e0 participa\u00e7\u00e3o de mais volunt\u00e1rias, vamos poder ter a sede aberta nalguns dias da parte da tarde. Continuamos com grande movimento de utentes cujos beb\u00e9s est\u00e3o a crescer com sa\u00fade e com &hellip; <a href=\"https:\/\/www.adavaveiro.org\/?p=840\">Continuar a ler <span class=\"meta-nav\">&rarr;<\/span><\/a><\/p>\n","protected":false},"author":1,"featured_media":0,"comment_status":"closed","ping_status":"open","sticky":false,"template":"","format":"standard","meta":{"footnotes":""},"categories":[13],"tags":[],"class_list":["post-840","post","type-post","status-publish","format-standard","hentry","category-colaborar"],"_links":{"self":[{"href":"https:\/\/www.adavaveiro.org\/index.php?rest_route=\/wp\/v2\/posts\/840","targetHints":{"allow":["GET"]}}],"collection":[{"href":"https:\/\/www.adavaveiro.org\/index.php?rest_route=\/wp\/v2\/posts"}],"about":[{"href":"https:\/\/www.adavaveiro.org\/index.php?rest_route=\/wp\/v2\/types\/post"}],"author":[{"embeddable":true,"href":"https:\/\/www.adavaveiro.org\/index.php?rest_route=\/wp\/v2\/users\/1"}],"replies":[{"embeddable":true,"href":"https:\/\/www.adavaveiro.org\/index.php?rest_route=%2Fwp%2Fv2%2Fcomments&post=840"}],"version-history":[{"count":14,"href":"https:\/\/www.adavaveiro.org\/index.php?rest_route=\/wp\/v2\/posts\/840\/revisions"}],"predecessor-version":[{"id":1520,"href":"https:\/\/www.adavaveiro.org\/index.php?rest_route=\/wp\/v2\/posts\/840\/revisions\/1520"}],"wp:attachment":[{"href":"https:\/\/www.adavaveiro.org\/index.php?rest_route=%2Fwp%2Fv2%2Fmedia&parent=840"}],"wp:term":[{"taxonomy":"category","embeddable":true,"href":"https:\/\/www.adavaveiro.org\/index.php?rest_route=%2Fwp%2Fv2%2Fcategories&post=840"},{"taxonomy":"post_tag","embeddable":true,"href":"https:\/\/www.adavaveiro.org\/index.php?rest_route=%2Fwp%2Fv2%2Ftags&post=840"}],"curies":[{"name":"wp","href":"https:\/\/api.w.org\/{rel}","templated":true}]}}