{"id":88,"date":"2010-03-27T15:46:41","date_gmt":"2010-03-27T15:46:41","guid":{"rendered":"http:\/\/www.adavaveiro.org\/?p=88"},"modified":"2010-03-27T16:05:21","modified_gmt":"2010-03-27T16:05:21","slug":"a-vida-humana-e-inviolavel","status":"publish","type":"post","link":"https:\/\/www.adavaveiro.org\/?p=88","title":{"rendered":"A vida humana \u00e9 inviol\u00e1vel"},"content":{"rendered":"<p>\u00a0<a href=\"http:\/\/www.adavaveiro.org\/wp-content\/uploads\/aborto_nao.jpg\"><\/a><\/p>\n<p><a href=\"http:\/\/www.adavaveiro.org\/wp-content\/uploads\/S\u00edmbolo.jpg\"><\/a><a href=\"http:\/\/www.adavaveiro.org\/wp-content\/uploads\/bebe-pe.jpg\"><img loading=\"lazy\" decoding=\"async\" class=\"alignleft size-thumbnail wp-image-97\" title=\"bebe pe\" src=\"http:\/\/www.adavaveiro.org\/wp-content\/uploads\/bebe-pe-150x150.jpg\" alt=\"\" width=\"150\" height=\"150\" \/><\/a>\u201cA vida humana \u00e9 inviol\u00e1vel. Em caso algum haver\u00e1 pena de morte\u201d, assim disp\u00f5e o artigo 24.\u00ba (Direito \u00e0 Vida) da Constitui\u00e7\u00e3o da Rep\u00fablica Portuguesa.<\/p>\n<p>A inviolabilidade da vida humana \u00e9 acima de tudo uma quest\u00e3o de direito natural e a\u00ed se alicer\u00e7a a dignidade da pessoa humana inerente a cada um desde o momento da concep\u00e7\u00e3o.<\/p>\n<p>Hoje para compreender esta realidade n\u00e3o \u00e9 necess\u00e1rio partilhar uma vis\u00e3o crist\u00e3 de vida. N\u00e3o se trata de uma verdade de f\u00e9, mas de uma verdade que a raz\u00e3o e a ci\u00eancia vieram reconhecer. \u00a0<\/p>\n<p>Hoje est\u00e1 demonstrado que o \u00f3vulo fertilizado do ser humano cont\u00e9m toda a informa\u00e7\u00e3o gen\u00e9tica que presidir\u00e1 ao seu desenvolvimento at\u00e9 ao nascimento e da\u00ed at\u00e9 \u00e0 idade adulta. Como tal o embri\u00e3o humano \u00e9 desde logo vida humana.<\/p>\n<p>Em suma, do ponto de vista biol\u00f3gico interromper de forma volunt\u00e1ria uma gravidez \u00e9 eliminar uma vida humana. Se deve ou n\u00e3o ser considerado crime \u00e9 um problema de rela\u00e7\u00e3o entre a ordem moral e a ordem jur\u00eddica, contudo esta s\u00f3 pode ser justa se obedecer aos princ\u00edpios fundamentais daquela.<\/p>\n<p>in <em>Tr\u00eas raz\u00f5es para ser contra a interrup\u00e7\u00e3o volunt\u00e1ria da gravidez <\/em>por Teresa Venda<\/p>\n","protected":false},"excerpt":{"rendered":"<p>\u00a0 \u201cA vida humana \u00e9 inviol\u00e1vel. Em caso algum haver\u00e1 pena de morte\u201d, assim disp\u00f5e o artigo 24.\u00ba (Direito \u00e0 Vida) da Constitui\u00e7\u00e3o da Rep\u00fablica Portuguesa. A inviolabilidade da vida humana \u00e9 acima de tudo uma quest\u00e3o de direito natural &hellip; <a href=\"https:\/\/www.adavaveiro.org\/?p=88\">Continuar a ler <span class=\"meta-nav\">&rarr;<\/span><\/a><\/p>\n","protected":false},"author":1,"featured_media":0,"comment_status":"closed","ping_status":"closed","sticky":false,"template":"","format":"standard","meta":{"footnotes":""},"categories":[9],"tags":[],"class_list":["post-88","post","type-post","status-publish","format-standard","hentry","category-refletir"],"_links":{"self":[{"href":"https:\/\/www.adavaveiro.org\/index.php?rest_route=\/wp\/v2\/posts\/88","targetHints":{"allow":["GET"]}}],"collection":[{"href":"https:\/\/www.adavaveiro.org\/index.php?rest_route=\/wp\/v2\/posts"}],"about":[{"href":"https:\/\/www.adavaveiro.org\/index.php?rest_route=\/wp\/v2\/types\/post"}],"author":[{"embeddable":true,"href":"https:\/\/www.adavaveiro.org\/index.php?rest_route=\/wp\/v2\/users\/1"}],"replies":[{"embeddable":true,"href":"https:\/\/www.adavaveiro.org\/index.php?rest_route=%2Fwp%2Fv2%2Fcomments&post=88"}],"version-history":[{"count":10,"href":"https:\/\/www.adavaveiro.org\/index.php?rest_route=\/wp\/v2\/posts\/88\/revisions"}],"predecessor-version":[{"id":103,"href":"https:\/\/www.adavaveiro.org\/index.php?rest_route=\/wp\/v2\/posts\/88\/revisions\/103"}],"wp:attachment":[{"href":"https:\/\/www.adavaveiro.org\/index.php?rest_route=%2Fwp%2Fv2%2Fmedia&parent=88"}],"wp:term":[{"taxonomy":"category","embeddable":true,"href":"https:\/\/www.adavaveiro.org\/index.php?rest_route=%2Fwp%2Fv2%2Fcategories&post=88"},{"taxonomy":"post_tag","embeddable":true,"href":"https:\/\/www.adavaveiro.org\/index.php?rest_route=%2Fwp%2Fv2%2Ftags&post=88"}],"curies":[{"name":"wp","href":"https:\/\/api.w.org\/{rel}","templated":true}]}}