{"id":922,"date":"2010-12-12T20:55:29","date_gmt":"2010-12-12T20:55:29","guid":{"rendered":"http:\/\/www.adavaveiro.org\/?p=922"},"modified":"2010-12-12T21:02:23","modified_gmt":"2010-12-12T21:02:23","slug":"feliz-natal","status":"publish","type":"post","link":"https:\/\/www.adavaveiro.org\/?p=922","title":{"rendered":"Feliz Natal"},"content":{"rendered":"<p>Boas Festas a todos os s\u00f3cios e utentes!<\/p>\n<p>Feliz Natal para as fam\u00edlias e crian\u00e7as que acompanhamos!<\/p>\n<p style=\"text-align: center;\"><a rel=\"attachment wp-att-929\" href=\"http:\/\/www.adavaveiro.org\/?attachment_id=929\"><img loading=\"lazy\" decoding=\"async\" class=\"size-thumbnail wp-image-929 aligncenter\" title=\"presepio\" src=\"http:\/\/www.adavaveiro.org\/wp-content\/uploads\/2010\/12\/presepio-260x231.jpg\" alt=\"\" width=\"260\" height=\"231\" srcset=\"https:\/\/www.adavaveiro.org\/wp-content\/uploads\/2010\/12\/presepio-260x231.jpg 260w, https:\/\/www.adavaveiro.org\/wp-content\/uploads\/2010\/12\/presepio-300x266.jpg 300w, https:\/\/www.adavaveiro.org\/wp-content\/uploads\/2010\/12\/presepio-1024x910.jpg 1024w, https:\/\/www.adavaveiro.org\/wp-content\/uploads\/2010\/12\/presepio.jpg 1600w\" sizes=\"auto, (max-width: 260px) 100vw, 260px\" \/><\/a><\/p>\n","protected":false},"excerpt":{"rendered":"<p>Boas Festas a todos os s\u00f3cios e utentes! Feliz Natal para as fam\u00edlias e crian\u00e7as que acompanhamos!<\/p>\n","protected":false},"author":1,"featured_media":0,"comment_status":"closed","ping_status":"open","sticky":false,"template":"","format":"standard","meta":{"footnotes":""},"categories":[8],"tags":[],"class_list":["post-922","post","type-post","status-publish","format-standard","hentry","category-comemoracao"],"_links":{"self":[{"href":"https:\/\/www.adavaveiro.org\/index.php?rest_route=\/wp\/v2\/posts\/922","targetHints":{"allow":["GET"]}}],"collection":[{"href":"https:\/\/www.adavaveiro.org\/index.php?rest_route=\/wp\/v2\/posts"}],"about":[{"href":"https:\/\/www.adavaveiro.org\/index.php?rest_route=\/wp\/v2\/types\/post"}],"author":[{"embeddable":true,"href":"https:\/\/www.adavaveiro.org\/index.php?rest_route=\/wp\/v2\/users\/1"}],"replies":[{"embeddable":true,"href":"https:\/\/www.adavaveiro.org\/index.php?rest_route=%2Fwp%2Fv2%2Fcomments&post=922"}],"version-history":[{"count":8,"href":"https:\/\/www.adavaveiro.org\/index.php?rest_route=\/wp\/v2\/posts\/922\/revisions"}],"predecessor-version":[{"id":933,"href":"https:\/\/www.adavaveiro.org\/index.php?rest_route=\/wp\/v2\/posts\/922\/revisions\/933"}],"wp:attachment":[{"href":"https:\/\/www.adavaveiro.org\/index.php?rest_route=%2Fwp%2Fv2%2Fmedia&parent=922"}],"wp:term":[{"taxonomy":"category","embeddable":true,"href":"https:\/\/www.adavaveiro.org\/index.php?rest_route=%2Fwp%2Fv2%2Fcategories&post=922"},{"taxonomy":"post_tag","embeddable":true,"href":"https:\/\/www.adavaveiro.org\/index.php?rest_route=%2Fwp%2Fv2%2Ftags&post=922"}],"curies":[{"name":"wp","href":"https:\/\/api.w.org\/{rel}","templated":true}]}}