{"id":936,"date":"2010-12-13T17:54:54","date_gmt":"2010-12-13T17:54:54","guid":{"rendered":"http:\/\/www.adavaveiro.org\/?p=936"},"modified":"2010-12-19T11:08:09","modified_gmt":"2010-12-19T11:08:09","slug":"campanhas-de-natal-nas-escolas","status":"publish","type":"post","link":"https:\/\/www.adavaveiro.org\/?p=936","title":{"rendered":"campanha de Natal em Schoenstatt e nas escolas"},"content":{"rendered":"<p style=\"padding-left: 60px;\">Fomos mais uma vez a Schoenstatt, na Gafanha da Nazar\u00e9, onde a generosidade das pessoas n\u00e3o deixa de nos comover: leites, fraldas, papas, camas e um sem-n\u00famero de pecinhas de roupa para os beb\u00e9s que entretanto t\u00eam nascido e que a ADAV AVEIRO apoia, continuam a chegar \u00e0s fam\u00edlias carenciadas, atrav\u00e9s da campanha promovida naquele local do distrito de Aveiro.<\/p>\n<p style=\"padding-left: 60px;\">H\u00e1 uns dias, pass\u00e1mos na Escola EB 23 da Gafanha da Nazar\u00e9, onde fomos muito bem acolhidos pela professora de Educa\u00e7\u00e3o Moral e Religiosa Cat\u00f3licas, Irm\u00e3 Palmira Louren\u00e7o, e pelos seus alunos.<\/p>\n<p style=\"padding-left: 60px;\">Noutras escolas, fazem-se recolhas de prendas de Natal para as crian\u00e7as que a ADAV apoia.<\/p>\n<pre style=\"padding-left: 60px; text-align: center;\"><a rel=\"attachment wp-att-948\" href=\"http:\/\/www.adavaveiro.org\/?attachment_id=948\"><img loading=\"lazy\" decoding=\"async\" class=\"aligncenter size-thumbnail wp-image-948\" title=\"Ajuda ADAV_ESMS\" src=\"http:\/\/www.adavaveiro.org\/wp-content\/uploads\/2010\/12\/Ajuda-ADAV_ESMS-260x173.jpg\" alt=\"\" width=\"260\" height=\"173\" srcset=\"https:\/\/www.adavaveiro.org\/wp-content\/uploads\/2010\/12\/Ajuda-ADAV_ESMS-260x173.jpg 260w, https:\/\/www.adavaveiro.org\/wp-content\/uploads\/2010\/12\/Ajuda-ADAV_ESMS-300x199.jpg 300w, https:\/\/www.adavaveiro.org\/wp-content\/uploads\/2010\/12\/Ajuda-ADAV_ESMS-1024x681.jpg 1024w, https:\/\/www.adavaveiro.org\/wp-content\/uploads\/2010\/12\/Ajuda-ADAV_ESMS.jpg 1730w\" sizes=\"auto, (max-width: 260px) 100vw, 260px\" \/><\/a>\r\nFoto tirada na Escola Secund\u00e1ria D. M\u00e1rio Sacramento, em Aveiro<\/pre>\n<p style=\"text-align: center;\">\n<p style=\"padding-left: 60px;\">Bem-haja a todos quantos querem contribuir para um Natal mais carinhoso e feliz!<\/p>\n","protected":false},"excerpt":{"rendered":"<p>Fomos mais uma vez a Schoenstatt, na Gafanha da Nazar\u00e9, onde a generosidade das pessoas n\u00e3o deixa de nos comover: leites, fraldas, papas, camas e um sem-n\u00famero de pecinhas de roupa para os beb\u00e9s que entretanto t\u00eam nascido e que &hellip; <a href=\"https:\/\/www.adavaveiro.org\/?p=936\">Continuar a ler <span class=\"meta-nav\">&rarr;<\/span><\/a><\/p>\n","protected":false},"author":1,"featured_media":0,"comment_status":"closed","ping_status":"open","sticky":false,"template":"","format":"standard","meta":{"footnotes":""},"categories":[13],"tags":[],"class_list":["post-936","post","type-post","status-publish","format-standard","hentry","category-colaborar"],"_links":{"self":[{"href":"https:\/\/www.adavaveiro.org\/index.php?rest_route=\/wp\/v2\/posts\/936","targetHints":{"allow":["GET"]}}],"collection":[{"href":"https:\/\/www.adavaveiro.org\/index.php?rest_route=\/wp\/v2\/posts"}],"about":[{"href":"https:\/\/www.adavaveiro.org\/index.php?rest_route=\/wp\/v2\/types\/post"}],"author":[{"embeddable":true,"href":"https:\/\/www.adavaveiro.org\/index.php?rest_route=\/wp\/v2\/users\/1"}],"replies":[{"embeddable":true,"href":"https:\/\/www.adavaveiro.org\/index.php?rest_route=%2Fwp%2Fv2%2Fcomments&post=936"}],"version-history":[{"count":12,"href":"https:\/\/www.adavaveiro.org\/index.php?rest_route=\/wp\/v2\/posts\/936\/revisions"}],"predecessor-version":[{"id":981,"href":"https:\/\/www.adavaveiro.org\/index.php?rest_route=\/wp\/v2\/posts\/936\/revisions\/981"}],"wp:attachment":[{"href":"https:\/\/www.adavaveiro.org\/index.php?rest_route=%2Fwp%2Fv2%2Fmedia&parent=936"}],"wp:term":[{"taxonomy":"category","embeddable":true,"href":"https:\/\/www.adavaveiro.org\/index.php?rest_route=%2Fwp%2Fv2%2Fcategories&post=936"},{"taxonomy":"post_tag","embeddable":true,"href":"https:\/\/www.adavaveiro.org\/index.php?rest_route=%2Fwp%2Fv2%2Ftags&post=936"}],"curies":[{"name":"wp","href":"https:\/\/api.w.org\/{rel}","templated":true}]}}