{"id":992,"date":"2011-01-14T20:35:42","date_gmt":"2011-01-14T20:35:42","guid":{"rendered":"http:\/\/www.adavaveiro.org\/?p=992"},"modified":"2011-01-14T21:04:24","modified_gmt":"2011-01-14T21:04:24","slug":"amamentar-ou-nao","status":"publish","type":"post","link":"https:\/\/www.adavaveiro.org\/?p=992","title":{"rendered":"amamentar ou n\u00e3o?"},"content":{"rendered":"<p><a rel=\"attachment wp-att-996\" href=\"http:\/\/www.adavaveiro.org\/?attachment_id=996\"><img loading=\"lazy\" decoding=\"async\" class=\"aligncenter size-thumbnail wp-image-996\" title=\"amamentar_MEIRE\" src=\"http:\/\/www.adavaveiro.org\/wp-content\/uploads\/2011\/01\/amamentar_MEIRE-260x162.jpg\" alt=\"\" width=\"260\" height=\"162\" srcset=\"https:\/\/www.adavaveiro.org\/wp-content\/uploads\/2011\/01\/amamentar_MEIRE-260x162.jpg 260w, https:\/\/www.adavaveiro.org\/wp-content\/uploads\/2011\/01\/amamentar_MEIRE-300x187.jpg 300w, https:\/\/www.adavaveiro.org\/wp-content\/uploads\/2011\/01\/amamentar_MEIRE.jpg 800w\" sizes=\"auto, (max-width: 260px) 100vw, 260px\" \/><\/a><\/p>\n<p>Quase dez anos depois de a Organiza\u00e7\u00e3o Mundial de Sa\u00fade (OMS) ter declarado que a amamenta\u00e7\u00e3o em exclusivo at\u00e9 aos seis meses beneficia os beb\u00e9s, um estudo publicado no <em>British Medical Journal<\/em> vem dizer o contr\u00e1rio. O grupo de investigadores reconhece os benef\u00edcios do leite materno, mas defende que este deve ser completado com outros alimentos.<\/p>\n<p>(&#8230;)<\/p>\n<p>Para as m\u00e3es que est\u00e3o neste momento a amamentar ou para as futuras m\u00e3es, refere que \u201co mais importante \u00e9 manter a amamenta\u00e7\u00e3o mesmo que se introduza outro alimento\u201d. De todas as formas, Teresa F\u00e9lix lembra que \u201co leite materno \u00e9 fundamental em termos nutricionais e um alimento que \u00e9 imposs\u00edvel igualar. \u00c9 um alimento vivo que muda ao longo do dia e que responde \u00e0s necessidades do beb\u00e9\u201d, pelo que \u00e9 importante que a m\u00e3e tente continuar a extrair o leite mesmo quando regressa ao trabalho.<\/p>\n<p>in jornal <a title=\"amamentar\" href=\"http:\/\/www.publico.pt\/Sociedade\/cientistas-contrariam-recomendacoes-de-leite-materno_1475275\" target=\"_blank\">P\u00fablico<\/a> &#8211; ver not\u00edcia completa<\/p>\n","protected":false},"excerpt":{"rendered":"<p>Quase dez anos depois de a Organiza\u00e7\u00e3o Mundial de Sa\u00fade (OMS) ter declarado que a amamenta\u00e7\u00e3o em exclusivo at\u00e9 aos seis meses beneficia os beb\u00e9s, um estudo publicado no British Medical Journal vem dizer o contr\u00e1rio. O grupo de investigadores &hellip; <a href=\"https:\/\/www.adavaveiro.org\/?p=992\">Continuar a ler <span class=\"meta-nav\">&rarr;<\/span><\/a><\/p>\n","protected":false},"author":1,"featured_media":0,"comment_status":"closed","ping_status":"open","sticky":false,"template":"","format":"standard","meta":{"footnotes":""},"categories":[20],"tags":[],"class_list":["post-992","post","type-post","status-publish","format-standard","hentry","category-informacao"],"_links":{"self":[{"href":"https:\/\/www.adavaveiro.org\/index.php?rest_route=\/wp\/v2\/posts\/992","targetHints":{"allow":["GET"]}}],"collection":[{"href":"https:\/\/www.adavaveiro.org\/index.php?rest_route=\/wp\/v2\/posts"}],"about":[{"href":"https:\/\/www.adavaveiro.org\/index.php?rest_route=\/wp\/v2\/types\/post"}],"author":[{"embeddable":true,"href":"https:\/\/www.adavaveiro.org\/index.php?rest_route=\/wp\/v2\/users\/1"}],"replies":[{"embeddable":true,"href":"https:\/\/www.adavaveiro.org\/index.php?rest_route=%2Fwp%2Fv2%2Fcomments&post=992"}],"version-history":[{"count":9,"href":"https:\/\/www.adavaveiro.org\/index.php?rest_route=\/wp\/v2\/posts\/992\/revisions"}],"predecessor-version":[{"id":1002,"href":"https:\/\/www.adavaveiro.org\/index.php?rest_route=\/wp\/v2\/posts\/992\/revisions\/1002"}],"wp:attachment":[{"href":"https:\/\/www.adavaveiro.org\/index.php?rest_route=%2Fwp%2Fv2%2Fmedia&parent=992"}],"wp:term":[{"taxonomy":"category","embeddable":true,"href":"https:\/\/www.adavaveiro.org\/index.php?rest_route=%2Fwp%2Fv2%2Fcategories&post=992"},{"taxonomy":"post_tag","embeddable":true,"href":"https:\/\/www.adavaveiro.org\/index.php?rest_route=%2Fwp%2Fv2%2Ftags&post=992"}],"curies":[{"name":"wp","href":"https:\/\/api.w.org\/{rel}","templated":true}]}}